{"id":1529,"date":"2019-10-14T10:01:48","date_gmt":"2019-10-14T13:01:48","guid":{"rendered":"https:\/\/sincomavi.org.br\/?p=1529"},"modified":"2019-10-14T10:01:50","modified_gmt":"2019-10-14T13:01:50","slug":"producao-de-bicicletas-tem-queda-em-relacao-a-agosto","status":"publish","type":"post","link":"https:\/\/sincomavi.org.br\/?p=1529","title":{"rendered":"Produ\u00e7\u00e3o de bicicletas tem queda em rela\u00e7\u00e3o a agosto"},"content":{"rendered":"\n<p>Dados coletados pela Associa\u00e7\u00e3o Brasileiras dos Fabricantes de Motocicletas, Ciclomotores, Motonetas, Bicicletas e Similares (<a rel=\"noreferrer noopener\" aria-label=\"Abraciclo (abre numa nova aba)\" href=\"http:\/\/www.abraciclo.com.br\" target=\"_blank\"><strong>Abraciclo<\/strong><\/a>) mostram que a produ\u00e7\u00e3o de bikes no Polo Industrial de Manaus (PIM) cresceu em setembro 35,9% em rela\u00e7\u00e3o ao mesmo per\u00edodo do ano passado. No acumulado dos \u00faltimos nove meses, o resultado tamb\u00e9m se revelou bastante expressivo: eleva\u00e7\u00e3o de 21,7% em compara\u00e7\u00e3o com 2018. <\/p>\n\n\n\n<p>No entanto, tendo como refer\u00eancia agosto de 2019, houve um recuo de 4,8%. Apesar disso, Cyro Gazola, vice-presidente do segmento de Bicicletas da Abraciclo, apresenta uma vis\u00e3o otimista e acredita que a alta demanda dever\u00e1 se estender at\u00e9 o fim do ano devido \u00e0 chegada de um per\u00edodo de clima mais quente que estimula o uso de bicicletas. <\/p>\n\n\n\n<figure class=\"wp-block-image\"><img loading=\"lazy\" decoding=\"async\" width=\"1024\" height=\"682\" src=\"https:\/\/sincomavi.org.br\/wp-content\/uploads\/2019\/10\/rotating-wheel-P98H5ZP-1024x682.jpg\" alt=\"Apesar da queda em setembro, o otimismo prevalece em rela\u00e7\u00e3o \u00e0 produ\u00e7\u00e3o de bicicletas em 2019.\" class=\"wp-image-1530\" srcset=\"https:\/\/sincomavi.org.br\/wp-content\/uploads\/2019\/10\/rotating-wheel-P98H5ZP-1024x682.jpg 1024w, https:\/\/sincomavi.org.br\/wp-content\/uploads\/2019\/10\/rotating-wheel-P98H5ZP-300x200.jpg 300w, https:\/\/sincomavi.org.br\/wp-content\/uploads\/2019\/10\/rotating-wheel-P98H5ZP-768x512.jpg 768w, https:\/\/sincomavi.org.br\/wp-content\/uploads\/2019\/10\/rotating-wheel-P98H5ZP-630x420.jpg 630w, https:\/\/sincomavi.org.br\/wp-content\/uploads\/2019\/10\/rotating-wheel-P98H5ZP-640x427.jpg 640w, https:\/\/sincomavi.org.br\/wp-content\/uploads\/2019\/10\/rotating-wheel-P98H5ZP-681x454.jpg 681w, https:\/\/sincomavi.org.br\/wp-content\/uploads\/2019\/10\/rotating-wheel-P98H5ZP.jpg 1400w\" sizes=\"auto, (max-width: 1024px) 100vw, 1024px\" \/><figcaption>As estimativas da Abraciclo apontam para o aumento superior a 10% na produ\u00e7\u00e3o de bicicletas em 2019.<\/figcaption><\/figure>\n\n\n\n<p>Diante desse quadro, as proje\u00e7\u00f5es da Abraciclo apontam para a produ\u00e7\u00e3o de 857 mil unidades em 2019, o que representaria uma alta de 10,8% na compara\u00e7\u00e3o com 2018 (773.641 unidades).<\/p>\n\n\n\n<p>Para Cyro, \u201co maior est\u00edmulo para este avan\u00e7o no uso\ndas bicicletas tem sido a instala\u00e7\u00e3o, expans\u00e3o e mais cuidados de manuten\u00e7\u00e3o\ndas redes ciclovi\u00e1rias das m\u00e9dias e grandes cidades brasileiras. Isso faz com\nque mais pessoas troquem outros meios de transporte pelas bicicletas, tanto\ncompartilhadas como pr\u00f3prias\u201d, complementa.<\/p>\n\n\n\n<h2 class=\"wp-block-heading\">Desempenho por categoria<\/h2>\n\n\n\n<p>Foram produzidas 47.204 bicicletas urbanas em setembro, volume\n16,2% inferior em rela\u00e7\u00e3o a agosto passado. J\u00e1 a linha Mountain Bike&nbsp;(MTB),\ncom 43.471 unidades, registrou um recuo menor na mesma compara\u00e7\u00e3o: 0,8%. Tamb\u00e9m\nhouve redu\u00e7\u00e3o na produ\u00e7\u00e3o da categoria Infanto-Juvenil, com -22,7. Com 1.039\nunidades, a linha Estrada teve um resultado 1,2% inferior ao obtido em agosto\nde 2019. A exce\u00e7\u00e3o para a queda generalizada ficou por conta das bikes el\u00e9tricas,\nque para o mesmo per\u00edodo de compara\u00e7\u00e3o conseguiram uma eleva\u00e7\u00e3o no volume produzido\nde 770,2%. <\/p>\n","protected":false},"excerpt":{"rendered":"<p>Dados coletados pela Associa\u00e7\u00e3o Brasileiras dos Fabricantes de Motocicletas, Ciclomotores, Motonetas, Bicicletas e Similares (Abraciclo) mostram que a produ\u00e7\u00e3o de bikes no Polo Industrial de Manaus (PIM) cresceu em setembro 35,9% em rela\u00e7\u00e3o ao mesmo per\u00edodo do ano passado. No acumulado dos \u00faltimos nove meses, o resultado tamb\u00e9m se revelou bastante expressivo: eleva\u00e7\u00e3o de 21,7% [&hellip;]<\/p>\n","protected":false},"author":1,"featured_media":1531,"comment_status":"closed","ping_status":"open","sticky":false,"template":"","format":"standard","meta":{"tdm_status":"","tdm_grid_status":"","footnotes":""},"categories":[153],"tags":[155,154],"class_list":["post-1529","post","type-post","status-publish","format-standard","has-post-thumbnail","hentry","category-noticias","tag-bicicletas","tag-producao"],"amp_enabled":true,"_links":{"self":[{"href":"https:\/\/sincomavi.org.br\/index.php?rest_route=\/wp\/v2\/posts\/1529","targetHints":{"allow":["GET"]}}],"collection":[{"href":"https:\/\/sincomavi.org.br\/index.php?rest_route=\/wp\/v2\/posts"}],"about":[{"href":"https:\/\/sincomavi.org.br\/index.php?rest_route=\/wp\/v2\/types\/post"}],"author":[{"embeddable":true,"href":"https:\/\/sincomavi.org.br\/index.php?rest_route=\/wp\/v2\/users\/1"}],"replies":[{"embeddable":true,"href":"https:\/\/sincomavi.org.br\/index.php?rest_route=%2Fwp%2Fv2%2Fcomments&post=1529"}],"version-history":[{"count":1,"href":"https:\/\/sincomavi.org.br\/index.php?rest_route=\/wp\/v2\/posts\/1529\/revisions"}],"predecessor-version":[{"id":1532,"href":"https:\/\/sincomavi.org.br\/index.php?rest_route=\/wp\/v2\/posts\/1529\/revisions\/1532"}],"wp:featuredmedia":[{"embeddable":true,"href":"https:\/\/sincomavi.org.br\/index.php?rest_route=\/wp\/v2\/media\/1531"}],"wp:attachment":[{"href":"https:\/\/sincomavi.org.br\/index.php?rest_route=%2Fwp%2Fv2%2Fmedia&parent=1529"}],"wp:term":[{"taxonomy":"category","embeddable":true,"href":"https:\/\/sincomavi.org.br\/index.php?rest_route=%2Fwp%2Fv2%2Fcategories&post=1529"},{"taxonomy":"post_tag","embeddable":true,"href":"https:\/\/sincomavi.org.br\/index.php?rest_route=%2Fwp%2Fv2%2Ftags&post=1529"}],"curies":[{"name":"wp","href":"https:\/\/api.w.org\/{rel}","templated":true}]}}