{"id":15259,"date":"2026-01-26T09:01:00","date_gmt":"2026-01-26T12:01:00","guid":{"rendered":"https:\/\/sincomavi.org.br\/?p=15259"},"modified":"2026-01-23T09:37:06","modified_gmt":"2026-01-23T12:37:06","slug":"varejo-inicia-2026-com-projecao-de-crescimento-moderado-expectativa-positiva-para-material-de-construcao","status":"publish","type":"post","link":"https:\/\/sincomavi.org.br\/?p=15259","title":{"rendered":"Varejo inicia 2026 com proje\u00e7\u00e3o de crescimento moderado; expectativa positiva para material de constru\u00e7\u00e3o"},"content":{"rendered":"\n<hr class=\"wp-block-separator has-alpha-channel-opacity\"\/>\n\n\n<div class=\"wp-block-post-date\"><time datetime=\"2026-01-26T09:01:00-03:00\">26 de janeiro de 2026<\/time><\/div>\n\n\n<p>As estimativas para as vendas do com\u00e9rcio no primeiro m\u00eas de 2026 indicam um in\u00edcio de ano com avan\u00e7o gradual da atividade. Estudo divulgado pelo Instituto Brasileiro de Estudos de Varejo (IBEVAR) em parceria com a FIA Business School aponta alta de 0,06% no varejo restrito e de 0,77% no varejo ampliado em janeiro, na compara\u00e7\u00e3o com dezembro de 2025. As proje\u00e7\u00f5es t\u00eam como base os dados da Pesquisa Mensal de Com\u00e9rcio (PMC), do Instituto Brasileiro de Geografia e Estat\u00edstica (IBGE).<\/p>\n\n\n\n<p>No varejo restrito, o desempenho esperado \u00e9 heterog\u00eaneo entre os segmentos. Alimentos e bebidas devem registrar crescimento de 1,35%, sustentados pela demanda por itens essenciais. Cosm\u00e9ticos e cuidados pessoais aparecem na sequ\u00eancia, com proje\u00e7\u00e3o de alta de 1,08%, enquanto roupas e acess\u00f3rios devem avan\u00e7ar 0,59%. O setor de m\u00f3veis tem expectativa de crescimento de 0,37%. Em sentido oposto, eletrodom\u00e9sticos apresentam previs\u00e3o de retra\u00e7\u00e3o de 1,90%, refletindo cautela do consumidor diante de bens dur\u00e1veis.<\/p>\n\n\n\n<h2 class=\"wp-block-heading\"><strong>Material de constru\u00e7\u00e3o sustenta avan\u00e7o do varejo ampliado<\/strong><\/h2>\n\n\n\n<p>No varejo ampliado, que inclui autom\u00f3veis e material de constru\u00e7\u00e3o, a expectativa \u00e9 de crescimento m\u00e9dio de 0,77% em janeiro. O desempenho do segmento de matcons \u00e9 associado \u00e0 retomada gradual das atividades do setor e \u00e0 demanda por reformas e melhorias residenciais, mesmo em um ambiente de consumo mais seletivo. O movimento contribui para sustentar o resultado positivo do varejo ampliado no in\u00edcio do ano.<\/p>\n\n\n\n<p>A varia\u00e7\u00e3o acumulada projetada para 2026 \u00e9 de 1,42%, indicando um cen\u00e1rio de adapta\u00e7\u00e3o das fam\u00edlias e do com\u00e9rcio ap\u00f3s os desafios recentes. A desacelera\u00e7\u00e3o da infla\u00e7\u00e3o aparece como fator de apoio, ainda que o estudo destaque a perman\u00eancia de um ambiente econ\u00f4mico cauteloso.<\/p>\n\n\n\n<p>Para Claudio Felisoni, presidente do IBEVAR e professor da FIA Business School, a estrat\u00e9gia ser\u00e1 determinante para o desempenho do setor. \u201cEm um cen\u00e1rio econ\u00f4mico incerto, as estrat\u00e9gias inovadoras e adaptativas ser\u00e3o cruciais para os varejistas\u201d, avalia. Ele lembra ainda ser &#8220;vital que os comerciantes desenvolvam abordagens centradas no consumidor e se adaptem rapidamente \u00e0s flutua\u00e7\u00f5es do mercado para capturar as oportunidades de crescimento\u201d.<\/p>\n\n\n\n<hr class=\"wp-block-separator has-alpha-channel-opacity\"\/>\n","protected":false},"excerpt":{"rendered":"<p>As estimativas para as vendas do com\u00e9rcio no primeiro m\u00eas de 2026 indicam um in\u00edcio de ano com avan\u00e7o gradual da atividade. Estudo divulgado pelo Instituto Brasileiro de Estudos de Varejo (IBEVAR) em parceria com a FIA Business School aponta alta de 0,06% no varejo restrito e de 0,77% no varejo ampliado em janeiro, na [&hellip;]<\/p>\n","protected":false},"author":1,"featured_media":15260,"comment_status":"closed","ping_status":"open","sticky":false,"template":"","format":"standard","meta":{"tdm_status":"","tdm_grid_status":"","footnotes":""},"categories":[153,1],"tags":[199,156,620,158,160,200,75],"class_list":["post-15259","post","type-post","status-publish","format-standard","has-post-thumbnail","hentry","category-noticias","category-sem-categoria","tag-comercio","tag-economia","tag-levantamento","tag-material-de-construcao","tag-pesquisa","tag-varejo","tag-vendas"],"amp_enabled":true,"_links":{"self":[{"href":"https:\/\/sincomavi.org.br\/index.php?rest_route=\/wp\/v2\/posts\/15259","targetHints":{"allow":["GET"]}}],"collection":[{"href":"https:\/\/sincomavi.org.br\/index.php?rest_route=\/wp\/v2\/posts"}],"about":[{"href":"https:\/\/sincomavi.org.br\/index.php?rest_route=\/wp\/v2\/types\/post"}],"author":[{"embeddable":true,"href":"https:\/\/sincomavi.org.br\/index.php?rest_route=\/wp\/v2\/users\/1"}],"replies":[{"embeddable":true,"href":"https:\/\/sincomavi.org.br\/index.php?rest_route=%2Fwp%2Fv2%2Fcomments&post=15259"}],"version-history":[{"count":1,"href":"https:\/\/sincomavi.org.br\/index.php?rest_route=\/wp\/v2\/posts\/15259\/revisions"}],"predecessor-version":[{"id":15261,"href":"https:\/\/sincomavi.org.br\/index.php?rest_route=\/wp\/v2\/posts\/15259\/revisions\/15261"}],"wp:featuredmedia":[{"embeddable":true,"href":"https:\/\/sincomavi.org.br\/index.php?rest_route=\/wp\/v2\/media\/15260"}],"wp:attachment":[{"href":"https:\/\/sincomavi.org.br\/index.php?rest_route=%2Fwp%2Fv2%2Fmedia&parent=15259"}],"wp:term":[{"taxonomy":"category","embeddable":true,"href":"https:\/\/sincomavi.org.br\/index.php?rest_route=%2Fwp%2Fv2%2Fcategories&post=15259"},{"taxonomy":"post_tag","embeddable":true,"href":"https:\/\/sincomavi.org.br\/index.php?rest_route=%2Fwp%2Fv2%2Ftags&post=15259"}],"curies":[{"name":"wp","href":"https:\/\/api.w.org\/{rel}","templated":true}]}}