{"id":15250,"date":"2026-01-21T09:28:00","date_gmt":"2026-01-21T12:28:00","guid":{"rendered":"https:\/\/sincomavi.org.br\/?p=15250"},"modified":"2026-01-21T08:22:14","modified_gmt":"2026-01-21T11:22:14","slug":"nr-1-entra-em-contagem-regressiva","status":"publish","type":"post","link":"https:\/\/sincomavi.org.br\/?p=15250","title":{"rendered":"NR-1 entra em contagem regressiva"},"content":{"rendered":"\n<hr class=\"wp-block-separator has-alpha-channel-opacity\"\/>\n\n\n<div class=\"wp-block-post-date\"><time datetime=\"2026-01-21T09:28:00-03:00\">21 de janeiro de 2026<\/time><\/div>\n\n\n<p>A atualiza\u00e7\u00e3o da Norma Regulamentadora n\u00ba 1 (NR-1) coloca as empresas em contagem regressiva para se adequarem \u00e0s novas exig\u00eancias relacionadas \u00e0 gest\u00e3o de riscos psicossociais no ambiente de trabalho. Com entrada em vigor prevista para maio de 2026, a norma amplia o escopo do Programa de Gerenciamento de Riscos (PGR) e passa a tratar fatores como estresse ocupacional, sobrecarga de trabalho, metas excessivas, ass\u00e9dio e clima organizacional como riscos ocupacionais formais, sujeitos \u00e0 fiscaliza\u00e7\u00e3o e penalidades.<\/p>\n\n\n\n<p>A mudan\u00e7a ocorre em um cen\u00e1rio de agravamento dos indicadores de sa\u00fade mental no pa\u00eds. Dados do Minist\u00e9rio da Previd\u00eancia Social apontam mais de 470 mil afastamentos por ansiedade, depress\u00e3o e burnout em 2024, o maior n\u00famero da \u00faltima d\u00e9cada. A Organiza\u00e7\u00e3o Internacional do Trabalho (OIT) estima que problemas relacionados \u00e0 sa\u00fade mental geram perdas superiores a R$ 400 bilh\u00f5es por ano em produtividade no Brasil.<\/p>\n\n\n\n<p>Segundo Rodrigo Ara\u00fajo, engenheiro ambiental e CEO da Global Work, a atualiza\u00e7\u00e3o da NR-1 representa uma mudan\u00e7a estrutural na forma como as empresas devem tratar a preven\u00e7\u00e3o. \u201cA norma deixa claro que o adoecimento emocional n\u00e3o \u00e9 um problema individual, mas um risco organizacional\u201d, avalia. E complementa: \u201cAssim como se mapeiam riscos f\u00edsicos, agora \u00e9 obrigat\u00f3rio mapear fatores que impactam a sa\u00fade mental\u201d, afirma.<\/p>\n\n\n\n<p>Na pr\u00e1tica, a NR-1 exige que os riscos psicossociais sejam identificados, avaliados e controlados dentro do PGR. Isso envolve diagn\u00f3stico do ambiente de trabalho, an\u00e1lise de jornadas, pr\u00e1ticas de lideran\u00e7a, metas, canais de escuta e hist\u00f3rico de afastamentos. Empresas que n\u00e3o cumprirem a norma est\u00e3o sujeitas a autua\u00e7\u00f5es e multas, que variam conforme o porte, a gravidade da infra\u00e7\u00e3o e a reincid\u00eancia.<\/p>\n\n\n\n<p>Para \u00c9rika de Castro, gerente de Recursos Humanos da Group Software, o principal desafio est\u00e1 na natureza subjetiva desses riscos. \u201cMuitas organiza\u00e7\u00f5es ainda n\u00e3o disp\u00f5em de dados estruturados sobre absente\u00edsmo, afastamentos por adoecimento emocional ou rotatividade associada ao clima organizacional, o que dificulta diagn\u00f3sticos precisos e a\u00e7\u00f5es efetivas\u201d, explica. Ela destaca ainda que comportamentos antes vistos como estilo de gest\u00e3o passam a ser reconhecidos como riscos ocupacionais.<\/p>\n\n\n\n<p>Vale um alerta, tratar a NR-1 apenas como obriga\u00e7\u00e3o legal pode gerar custos adicionais. \u201cQuando a empresa n\u00e3o se antecipa, ela paga a conta duas vezes: na multa e no aumento do absente\u00edsmo, da rotatividade e da queda de produtividade\u201d, afirma Rodrigo Ara\u00fajo, da Global Work. Por outro lado, estudos da Organiza\u00e7\u00e3o Mundial da Sa\u00fade (OMS) indicam que cada d\u00f3lar investido em programas estruturados de sa\u00fade mental pode gerar retorno m\u00e9dio de quatro d\u00f3lares em produtividade e redu\u00e7\u00e3o de custos.<\/p>\n\n\n\n<p>Leandro Oliveira, diretor da Humand no Brasil, refor\u00e7a que a NR-1 deve ser encarada como parte da gest\u00e3o de risco corporativo. \u201cN\u00e3o \u00e9 apenas uma obriga\u00e7\u00e3o legal, \u00e9 uma oportunidade estrat\u00e9gica para proteger colaboradores, melhorar o ambiente de trabalho e fortalecer a imagem da empresa\u201d, avalia. Ele ressalta a import\u00e2ncia de rotinas estruturadas, capacita\u00e7\u00e3o de lideran\u00e7as, uso de tecnologia e fortalecimento de uma cultura de seguran\u00e7a e sa\u00fade proativa.<\/p>\n\n\n\n<p>Com a intensifica\u00e7\u00e3o das fiscaliza\u00e7\u00f5es prevista para 2026, a expectativa \u00e9 que a NR-1 deixe de ser vista como tema secund\u00e1rio e passe a integrar, de forma definitiva, a agenda estrat\u00e9gica das empresas.<\/p>\n\n\n\n<h2 class=\"wp-block-heading\"><strong>Aviso<\/strong><\/h2>\n\n\n\n<p> O Sincomavi disponibiliza um manual pr\u00e1tico para orientar os comerciantes na implementa\u00e7\u00e3o de programas e procedimentos necess\u00e1rios ao atendimento das exig\u00eancias da NR-1 sobre riscos psicossociais. O material est\u00e1 dispon\u00edvel para auxiliar as empresas na adequa\u00e7\u00e3o \u00e0 norma e na preven\u00e7\u00e3o de autua\u00e7\u00f5es.<\/p>\n\n\n\n<div class=\"wp-block-buttons is-content-justification-center is-layout-flex wp-container-core-buttons-is-layout-16018d1d wp-block-buttons-is-layout-flex\">\n<div class=\"wp-block-button\"><a class=\"wp-block-button__link wp-element-button\" href=\"https:\/\/sincomavi.org.br\/?p=13808\" target=\"_blank\" rel=\"noreferrer noopener\">CLIQUE AQUI<\/a><\/div>\n<\/div>\n\n\n\n<hr class=\"wp-block-separator has-alpha-channel-opacity\"\/>\n","protected":false},"excerpt":{"rendered":"<p>A atualiza\u00e7\u00e3o da Norma Regulamentadora n\u00ba 1 (NR-1) coloca as empresas em contagem regressiva para se adequarem \u00e0s novas exig\u00eancias relacionadas \u00e0 gest\u00e3o de riscos psicossociais no ambiente de trabalho. Com entrada em vigor prevista para maio de 2026, a norma amplia o escopo do Programa de Gerenciamento de Riscos (PGR) e passa a tratar [&hellip;]<\/p>\n","protected":false},"author":1,"featured_media":15251,"comment_status":"closed","ping_status":"open","sticky":false,"template":"","format":"standard","meta":{"tdm_status":"","tdm_grid_status":"","footnotes":""},"categories":[153],"tags":[199,1529,1530,200],"class_list":["post-15250","post","type-post","status-publish","format-standard","has-post-thumbnail","hentry","category-noticias","tag-comercio","tag-nr-1","tag-riscos-psicossociais","tag-varejo"],"amp_enabled":true,"_links":{"self":[{"href":"https:\/\/sincomavi.org.br\/index.php?rest_route=\/wp\/v2\/posts\/15250","targetHints":{"allow":["GET"]}}],"collection":[{"href":"https:\/\/sincomavi.org.br\/index.php?rest_route=\/wp\/v2\/posts"}],"about":[{"href":"https:\/\/sincomavi.org.br\/index.php?rest_route=\/wp\/v2\/types\/post"}],"author":[{"embeddable":true,"href":"https:\/\/sincomavi.org.br\/index.php?rest_route=\/wp\/v2\/users\/1"}],"replies":[{"embeddable":true,"href":"https:\/\/sincomavi.org.br\/index.php?rest_route=%2Fwp%2Fv2%2Fcomments&post=15250"}],"version-history":[{"count":1,"href":"https:\/\/sincomavi.org.br\/index.php?rest_route=\/wp\/v2\/posts\/15250\/revisions"}],"predecessor-version":[{"id":15252,"href":"https:\/\/sincomavi.org.br\/index.php?rest_route=\/wp\/v2\/posts\/15250\/revisions\/15252"}],"wp:featuredmedia":[{"embeddable":true,"href":"https:\/\/sincomavi.org.br\/index.php?rest_route=\/wp\/v2\/media\/15251"}],"wp:attachment":[{"href":"https:\/\/sincomavi.org.br\/index.php?rest_route=%2Fwp%2Fv2%2Fmedia&parent=15250"}],"wp:term":[{"taxonomy":"category","embeddable":true,"href":"https:\/\/sincomavi.org.br\/index.php?rest_route=%2Fwp%2Fv2%2Fcategories&post=15250"},{"taxonomy":"post_tag","embeddable":true,"href":"https:\/\/sincomavi.org.br\/index.php?rest_route=%2Fwp%2Fv2%2Ftags&post=15250"}],"curies":[{"name":"wp","href":"https:\/\/api.w.org\/{rel}","templated":true}]}}