{"id":15242,"date":"2026-01-20T09:23:00","date_gmt":"2026-01-20T12:23:00","guid":{"rendered":"https:\/\/sincomavi.org.br\/?p=15242"},"modified":"2026-01-20T08:01:42","modified_gmt":"2026-01-20T11:01:42","slug":"mais-feriados-em-2026-ampliam-perdas-no-comercio-e-exigem-planejamento-das-empresas","status":"publish","type":"post","link":"https:\/\/sincomavi.org.br\/?p=15242","title":{"rendered":"Mais feriados em 2026 ampliam perdas no com\u00e9rcio e exigem planejamento das empresas"},"content":{"rendered":"\n<hr class=\"wp-block-separator has-alpha-channel-opacity\"\/>\n\n\n<div class=\"wp-block-post-date\"><time datetime=\"2026-01-20T09:23:00-03:00\">20 de janeiro de 2026<\/time><\/div>\n\n\n<p>O calend\u00e1rio deste ano deve impor novos desafios ao Com\u00e9rcio do Estado de S\u00e3o Paulo. Estimativa da Federa\u00e7\u00e3o do Com\u00e9rcio de Bens, Servi\u00e7os e Turismo do Estado de S\u00e3o Paulo (FecomercioSP) aponta que o setor deixar\u00e1 de faturar cerca de R$ 17 bilh\u00f5es ao longo de 2026 em raz\u00e3o dos feriados e das chamadas \u201cpontes\u201d. O impacto representa um aumento de 13,9% nas perdas em rela\u00e7\u00e3o ao ano passado, reflexo do maior n\u00famero de datas comemorativas em dias \u00fateis.<\/p>\n\n\n\n<p>A proje\u00e7\u00e3o considera um cen\u00e1rio com 12 feriados nacionais em dias de semana e quatro emendas, contra nove feriados e cinco pontes no ano anterior. Caso se confirme a expectativa de faturamento do varejo paulista em torno de R$ 1,5 trilh\u00e3o, o efeito estimado corresponder\u00e1 a 1,1% da receita anual do setor. Segundo a FecomercioSP, trata-se de um impacto relativamente limitado em termos proporcionais, mas relevante para o planejamento das empresas.<\/p>\n\n\n\n<p>Entre as atividades analisadas, supermercados concentram o maior volume absoluto de perdas, estimadas em R$ 8,2 bilh\u00f5es, o equivalente a quase metade do total. Farm\u00e1cias e perfumarias aparecem com a maior varia\u00e7\u00e3o percentual, com crescimento de 15,8% nas perdas, somando cerca de R$ 2,3 bilh\u00f5es. Vestu\u00e1rio, tecidos e cal\u00e7ados devem deixar de faturar aproximadamente R$ 2 bilh\u00f5es, enquanto m\u00f3veis e decora\u00e7\u00e3o podem registrar retra\u00e7\u00e3o pr\u00f3xima de R$ 280 milh\u00f5es.<\/p>\n\n\n\n<h2 class=\"wp-block-heading\"><strong>Cen\u00e1rio mais complexo exige estrat\u00e9gia<\/strong><\/h2>\n\n\n\n<p>Al\u00e9m dos feriados, outros fatores devem elevar a complexidade do ambiente econ\u00f4mico em 2026. A realiza\u00e7\u00e3o da Copa do Mundo e o calend\u00e1rio eleitoral tendem a afetar o comportamento do consumo e a rotina das empresas, sobretudo as de pequeno e m\u00e9dio porte. Para o empres\u00e1rio, investidor e estrategista Fernando Campanholo, o conjunto dessas vari\u00e1veis exige uma postura mais estrat\u00e9gica por parte dos empreendedores.<\/p>\n\n\n\n<p>\u201cNum ano como 2026, o empres\u00e1rio precisa olhar al\u00e9m do dia a dia operacional e se preparar estrategicamente para manter o fluxo de caixa saud\u00e1vel, reduzir impactos de paradas frequentes e aproveitar oportunidades de mercado, mesmo em per\u00edodos de menor movimento\u201d, afirma. Segundo ele, eventos de grande apelo social tendem a concentrar a aten\u00e7\u00e3o do p\u00fablico, o que pode desviar o foco do consumo tradicional.<\/p>\n\n\n\n<p>O consultor destaca a import\u00e2ncia do planejamento financeiro antecipado, com maior esfor\u00e7o comercial no primeiro semestre, al\u00e9m da diversifica\u00e7\u00e3o de canais de venda, especialmente os digitais. \u201cFortalecer o com\u00e9rcio on-line e ajustar campanhas promocionais ao calend\u00e1rio pode ajudar a compensar a queda do movimento presencial\u201d, avalia. Para Fernando, revisar escalas de trabalho, acompanhar tend\u00eancias de consumo e adaptar estrat\u00e9gias ao perfil do neg\u00f3cio ser\u00e3o medidas decisivas para atravessar um ano marcado por mais interrup\u00e7\u00f5es na atividade econ\u00f4mica.<\/p>\n\n\n\n<hr class=\"wp-block-separator has-alpha-channel-opacity\"\/>\n","protected":false},"excerpt":{"rendered":"<p>O calend\u00e1rio deste ano deve impor novos desafios ao Com\u00e9rcio do Estado de S\u00e3o Paulo. Estimativa da Federa\u00e7\u00e3o do Com\u00e9rcio de Bens, Servi\u00e7os e Turismo do Estado de S\u00e3o Paulo (FecomercioSP) aponta que o setor deixar\u00e1 de faturar cerca de R$ 17 bilh\u00f5es ao longo de 2026 em raz\u00e3o dos feriados e das chamadas \u201cpontes\u201d. [&hellip;]<\/p>\n","protected":false},"author":1,"featured_media":15243,"comment_status":"closed","ping_status":"open","sticky":false,"template":"","format":"standard","meta":{"tdm_status":"","tdm_grid_status":"","footnotes":""},"categories":[153],"tags":[199,156,620,160,200,75],"class_list":["post-15242","post","type-post","status-publish","format-standard","has-post-thumbnail","hentry","category-noticias","tag-comercio","tag-economia","tag-levantamento","tag-pesquisa","tag-varejo","tag-vendas"],"amp_enabled":true,"_links":{"self":[{"href":"https:\/\/sincomavi.org.br\/index.php?rest_route=\/wp\/v2\/posts\/15242","targetHints":{"allow":["GET"]}}],"collection":[{"href":"https:\/\/sincomavi.org.br\/index.php?rest_route=\/wp\/v2\/posts"}],"about":[{"href":"https:\/\/sincomavi.org.br\/index.php?rest_route=\/wp\/v2\/types\/post"}],"author":[{"embeddable":true,"href":"https:\/\/sincomavi.org.br\/index.php?rest_route=\/wp\/v2\/users\/1"}],"replies":[{"embeddable":true,"href":"https:\/\/sincomavi.org.br\/index.php?rest_route=%2Fwp%2Fv2%2Fcomments&post=15242"}],"version-history":[{"count":1,"href":"https:\/\/sincomavi.org.br\/index.php?rest_route=\/wp\/v2\/posts\/15242\/revisions"}],"predecessor-version":[{"id":15244,"href":"https:\/\/sincomavi.org.br\/index.php?rest_route=\/wp\/v2\/posts\/15242\/revisions\/15244"}],"wp:featuredmedia":[{"embeddable":true,"href":"https:\/\/sincomavi.org.br\/index.php?rest_route=\/wp\/v2\/media\/15243"}],"wp:attachment":[{"href":"https:\/\/sincomavi.org.br\/index.php?rest_route=%2Fwp%2Fv2%2Fmedia&parent=15242"}],"wp:term":[{"taxonomy":"category","embeddable":true,"href":"https:\/\/sincomavi.org.br\/index.php?rest_route=%2Fwp%2Fv2%2Fcategories&post=15242"},{"taxonomy":"post_tag","embeddable":true,"href":"https:\/\/sincomavi.org.br\/index.php?rest_route=%2Fwp%2Fv2%2Ftags&post=15242"}],"curies":[{"name":"wp","href":"https:\/\/api.w.org\/{rel}","templated":true}]}}