{"id":15217,"date":"2026-01-16T07:03:59","date_gmt":"2026-01-16T10:03:59","guid":{"rendered":"https:\/\/sincomavi.org.br\/?p=15217"},"modified":"2026-01-16T07:04:01","modified_gmt":"2026-01-16T10:04:01","slug":"vendas-de-material-de-construcao-recuam-pelo-sexto-mes-seguido","status":"publish","type":"post","link":"https:\/\/sincomavi.org.br\/?p=15217","title":{"rendered":"Vendas de material de constru\u00e7\u00e3o recuam pelo sexto m\u00eas seguido\u00a0"},"content":{"rendered":"\n<hr class=\"wp-block-separator has-alpha-channel-opacity\"\/>\n\n\n<div class=\"wp-block-post-date\"><time datetime=\"2026-01-16T07:03:59-03:00\">16 de janeiro de 2026<\/time><\/div>\n\n\n<p>Em novembro, o volume de vendas do com\u00e9rcio de material de constru\u00e7\u00e3o do Estado de S\u00e3o Paulo caiu 3,3% em rela\u00e7\u00e3o ao mesmo m\u00eas de 2024, a sexta retra\u00e7\u00e3o seguida do indicador, medido pela Pesquisa Mensal do Com\u00e9rcio (PMC), do Instituto Brasileiro de Geografia e Estat\u00edstica (IBGE). Em \u00e2mbito nacional o setor teve desempenho similar, ou seja, queda de 3,0% em novembro, tamb\u00e9m o sexto recuo consecutivo.&nbsp;<\/p>\n\n\n\n<h2 class=\"wp-block-heading has-text-align-center\">Evolu\u00e7\u00e3o mensal do \u00edndice de volume de vendas do com\u00e9rcio de material de constru\u00e7\u00e3o \u2013 M\u00eas contra mesmo m\u00eas do ano anterior<\/h2>\n\n\n<style>.kb-image15217_830ea6-c0 .kb-image-has-overlay:after{opacity:0.3;}<\/style>\n<div class=\"wp-block-kadence-image kb-image15217_830ea6-c0\"><figure class=\"aligncenter size-full\"><img loading=\"lazy\" decoding=\"async\" width=\"512\" height=\"326\" src=\"https:\/\/sincomavi.org.br\/wp-content\/uploads\/2026\/01\/PMC-NOV2025.png\" alt=\"\" class=\"kb-img wp-image-15218\" srcset=\"https:\/\/sincomavi.org.br\/wp-content\/uploads\/2026\/01\/PMC-NOV2025.png 512w, https:\/\/sincomavi.org.br\/wp-content\/uploads\/2026\/01\/PMC-NOV2025-300x191.png 300w\" sizes=\"auto, (max-width: 512px) 100vw, 512px\" \/><\/figure><\/div>\n\n\n\n<p class=\"has-text-align-right\"><strong>Fonte: PMC\/IBGE<\/strong><\/p>\n\n\n\n<p>Nos onze meses de 2025 ocorreu uma queda acumulada de 1,6% nas vendas em territ\u00f3rio paulista. No pa\u00eds, a retra\u00e7\u00e3o foi menos aguda, de 0,2%. Com isso, no acumulado dos doze meses encerrados em novembro, enquanto no mercado nacional houve estabilidade do \u00edndice, no Estado de S\u00e3o Paulo a PMC registrou uma diminui\u00e7\u00e3o de 1,5% em compara\u00e7\u00e3o aos doze meses imediatamente anteriores.<\/p>\n\n\n\n<h2 class=\"wp-block-heading has-text-align-center\">Evolu\u00e7\u00e3o do \u00edndice de volume de vendas do com\u00e9rcio de material de constru\u00e7\u00e3o do Estado de S\u00e3o Paulo \u2013 Taxa acumulada de 12 meses<\/h2>\n\n\n<style>.kb-image15217_2faf4b-c0 .kb-image-has-overlay:after{opacity:0.3;}<\/style>\n<div class=\"wp-block-kadence-image kb-image15217_2faf4b-c0\"><figure class=\"aligncenter size-full\"><img loading=\"lazy\" decoding=\"async\" width=\"512\" height=\"265\" src=\"https:\/\/sincomavi.org.br\/wp-content\/uploads\/2026\/01\/PMC-NOV2025-1.png\" alt=\"\" class=\"kb-img wp-image-15219\" srcset=\"https:\/\/sincomavi.org.br\/wp-content\/uploads\/2026\/01\/PMC-NOV2025-1.png 512w, https:\/\/sincomavi.org.br\/wp-content\/uploads\/2026\/01\/PMC-NOV2025-1-300x155.png 300w\" sizes=\"auto, (max-width: 512px) 100vw, 512px\" \/><\/figure><\/div>\n\n\n\n<p class=\"has-text-align-right\"><strong>Fonte: PMC\/IBGE<\/strong><\/p>\n\n\n\n<p>\u201cOs resultados do per\u00edodo apenas apresentam continuidade da negativa, portanto, dif\u00edcil trajet\u00f3ria da performance em vendas do com\u00e9rcio de material de constru\u00e7\u00e3o no pa\u00eds e, de forma ainda mais evidente, no Estado de S\u00e3o Paulo,\u201d pontua o economista Jaime Vasconcellos. Em sua opini\u00e3o, o setor, conforme o esperado, sentiu de forma mais profunda no segundo semestre de 2025 os impactos dos juros altos no j\u00e1 apertado or\u00e7amento das fam\u00edlias. \u201cTais consumidores at\u00e9 possuem uma renda sustentada pelo aquecido mercado de trabalho, por\u00e9m este rendimento possui elevado grau de comprometimento frente \u00e0s d\u00edvidas em atraso ou n\u00e3o\u201d. Tal cen\u00e1rio faz com que ocorra maior direcionamento da renda dispon\u00edvel para bens de consumo n\u00e3o dur\u00e1veis e \u201cessenciais\u201d, deslocando resultados para tais ramos em detrimento de outros, como acontece com o varejo de material de constru\u00e7\u00e3o.&nbsp;&nbsp;<\/p>\n\n\n\n<p class=\"has-small-font-size\">OBS: O Volume de Vendas observado pela PMC resulta da defla\u00e7\u00e3o dos valores nominais correntes da receita bruta de revenda por \u00edndices de pre\u00e7os espec\u00edficos para cada grupo de atividade, e para cada Unidade da Federa\u00e7\u00e3o, constru\u00eddos a partir dos relativos de pre\u00e7os do IPCA e do Sistema Nacional de Pesquisa de Custos e \u00cdndices da Constru\u00e7\u00e3o Civil \u2013 SINAPI. A pesquisa tamb\u00e9m avalia apenas empresas com 20 ocupados ou mais.&nbsp;<\/p>\n\n\n\n<hr class=\"wp-block-separator has-alpha-channel-opacity\"\/>\n","protected":false},"excerpt":{"rendered":"<p>Em novembro, o volume de vendas do com\u00e9rcio de material de constru\u00e7\u00e3o do Estado de S\u00e3o Paulo caiu 3,3% em rela\u00e7\u00e3o ao mesmo m\u00eas de 2024, a sexta retra\u00e7\u00e3o seguida do indicador, medido pela Pesquisa Mensal do Com\u00e9rcio (PMC), do Instituto Brasileiro de Geografia e Estat\u00edstica (IBGE). Em \u00e2mbito nacional o setor teve desempenho similar, [&hellip;]<\/p>\n","protected":false},"author":1,"featured_media":15220,"comment_status":"closed","ping_status":"open","sticky":false,"template":"","format":"standard","meta":{"tdm_status":"","tdm_grid_status":"","footnotes":""},"categories":[153],"tags":[199,156,161,620,158,160,665,162,1319,200,75],"class_list":["post-15217","post","type-post","status-publish","format-standard","has-post-thumbnail","hentry","category-noticias","tag-comercio","tag-economia","tag-ibge","tag-levantamento","tag-material-de-construcao","tag-pesquisa","tag-pesquisa-mensal-do-comercio","tag-pmc","tag-pmc-ibge","tag-varejo","tag-vendas"],"amp_enabled":true,"_links":{"self":[{"href":"https:\/\/sincomavi.org.br\/index.php?rest_route=\/wp\/v2\/posts\/15217","targetHints":{"allow":["GET"]}}],"collection":[{"href":"https:\/\/sincomavi.org.br\/index.php?rest_route=\/wp\/v2\/posts"}],"about":[{"href":"https:\/\/sincomavi.org.br\/index.php?rest_route=\/wp\/v2\/types\/post"}],"author":[{"embeddable":true,"href":"https:\/\/sincomavi.org.br\/index.php?rest_route=\/wp\/v2\/users\/1"}],"replies":[{"embeddable":true,"href":"https:\/\/sincomavi.org.br\/index.php?rest_route=%2Fwp%2Fv2%2Fcomments&post=15217"}],"version-history":[{"count":1,"href":"https:\/\/sincomavi.org.br\/index.php?rest_route=\/wp\/v2\/posts\/15217\/revisions"}],"predecessor-version":[{"id":15221,"href":"https:\/\/sincomavi.org.br\/index.php?rest_route=\/wp\/v2\/posts\/15217\/revisions\/15221"}],"wp:featuredmedia":[{"embeddable":true,"href":"https:\/\/sincomavi.org.br\/index.php?rest_route=\/wp\/v2\/media\/15220"}],"wp:attachment":[{"href":"https:\/\/sincomavi.org.br\/index.php?rest_route=%2Fwp%2Fv2%2Fmedia&parent=15217"}],"wp:term":[{"taxonomy":"category","embeddable":true,"href":"https:\/\/sincomavi.org.br\/index.php?rest_route=%2Fwp%2Fv2%2Fcategories&post=15217"},{"taxonomy":"post_tag","embeddable":true,"href":"https:\/\/sincomavi.org.br\/index.php?rest_route=%2Fwp%2Fv2%2Ftags&post=15217"}],"curies":[{"name":"wp","href":"https:\/\/api.w.org\/{rel}","templated":true}]}}