{"id":15204,"date":"2026-01-14T10:17:00","date_gmt":"2026-01-14T13:17:00","guid":{"rendered":"https:\/\/sincomavi.org.br\/?p=15204"},"modified":"2026-01-14T09:21:13","modified_gmt":"2026-01-14T12:21:13","slug":"trabalhadores-acima-de-50-anos-ampliam-participacao-no-comercio","status":"publish","type":"post","link":"https:\/\/sincomavi.org.br\/?p=15204","title":{"rendered":"Trabalhadores acima de 50 anos ampliam participa\u00e7\u00e3o no com\u00e9rcio"},"content":{"rendered":"\n<hr class=\"wp-block-separator has-alpha-channel-opacity\"\/>\n\n\n<div class=\"wp-block-post-date\"><time datetime=\"2026-01-14T10:17:00-03:00\">14 de janeiro de 2026<\/time><\/div>\n\n\n<p>Levantamento da <strong>FecomercioSP<\/strong> indica mudan\u00e7a gradual no perfil das admiss\u00f5es nos setores de Com\u00e9rcio e Servi\u00e7os no <strong>Estado de S\u00e3o Paulo<\/strong>, com crescimento da participa\u00e7\u00e3o de profissionais acima de 50 anos. Entre janeiro e novembro de 2025, esses setores registraram 5,88 milh\u00f5es de admiss\u00f5es formais, segundo dados do <strong>Cadastro Geral de Empregados e Desempregados (Caged)<\/strong>.<\/p>\n\n\n\n<p>No per\u00edodo, 48% das contrata\u00e7\u00f5es foram de trabalhadores com at\u00e9 29 anos, 43% de pessoas entre 30 e 49 anos e 9% de profissionais com mais de 50 anos. Embora os mais jovens sigam como principal grupo admitido, a participa\u00e7\u00e3o recuou de 50% em 2021 para 48% em 2025, enquanto o contingente acima de 50 anos avan\u00e7ou de 7% para 9%.<\/p>\n\n\n\n<p>O setor de Servi\u00e7os concentra a maior presen\u00e7a de trabalhadores mais experientes, com 10% das contrata\u00e7\u00f5es destinadas a esse p\u00fablico, ante 8% no com\u00e9rcio atacadista. No com\u00e9rcio varejista, predomina a contrata\u00e7\u00e3o de jovens, que representaram 57% das admiss\u00f5es. Ainda assim, apenas em novembro de 2025, a participa\u00e7\u00e3o de profissionais com mais de 50 anos no varejo subiu de 5% para 8% em compara\u00e7\u00e3o com o mesmo m\u00eas de 2021.<\/p>\n\n\n\n<p>O estudo tamb\u00e9m aponta avan\u00e7o da participa\u00e7\u00e3o feminina. Entre janeiro e novembro de 2025, as mulheres responderam por 54% das contrata\u00e7\u00f5es nos setores de Com\u00e9rcio e Servi\u00e7os, chegando a 55% no varejo. A tend\u00eancia est\u00e1 associada \u00e0 expans\u00e3o de atividades ligadas a atendimento, vendas e servi\u00e7os administrativos, al\u00e9m de mudan\u00e7as estruturais no mercado de trabalho.<\/p>\n\n\n\n<p>Em rela\u00e7\u00e3o \u00e0 escolaridade, o ensino m\u00e9dio completo segue como o principal n\u00edvel exigido, concentrando 68% das admiss\u00f5es no per\u00edodo analisado. Para a FecomercioSP, a transi\u00e7\u00e3o no perfil das contrata\u00e7\u00f5es exige adapta\u00e7\u00e3o das pol\u00edticas de gest\u00e3o de pessoas e estrat\u00e9gias de qualifica\u00e7\u00e3o, ao mesmo tempo em que cria oportunidades de reten\u00e7\u00e3o de m\u00e3o de obra, ganhos de produtividade e melhoria no atendimento.<\/p>\n\n\n\n<hr class=\"wp-block-separator has-alpha-channel-opacity\"\/>\n","protected":false},"excerpt":{"rendered":"<p>Levantamento da FecomercioSP indica mudan\u00e7a gradual no perfil das admiss\u00f5es nos setores de Com\u00e9rcio e Servi\u00e7os no Estado de S\u00e3o Paulo, com crescimento da participa\u00e7\u00e3o de profissionais acima de 50 anos. Entre janeiro e novembro de 2025, esses setores registraram 5,88 milh\u00f5es de admiss\u00f5es formais, segundo dados do Cadastro Geral de Empregados e Desempregados (Caged). [&hellip;]<\/p>\n","protected":false},"author":1,"featured_media":15205,"comment_status":"closed","ping_status":"open","sticky":false,"template":"","format":"standard","meta":{"tdm_status":"","tdm_grid_status":"","footnotes":""},"categories":[153],"tags":[199,53,200],"class_list":["post-15204","post","type-post","status-publish","format-standard","has-post-thumbnail","hentry","category-noticias","tag-comercio","tag-emprego","tag-varejo"],"amp_enabled":true,"_links":{"self":[{"href":"https:\/\/sincomavi.org.br\/index.php?rest_route=\/wp\/v2\/posts\/15204","targetHints":{"allow":["GET"]}}],"collection":[{"href":"https:\/\/sincomavi.org.br\/index.php?rest_route=\/wp\/v2\/posts"}],"about":[{"href":"https:\/\/sincomavi.org.br\/index.php?rest_route=\/wp\/v2\/types\/post"}],"author":[{"embeddable":true,"href":"https:\/\/sincomavi.org.br\/index.php?rest_route=\/wp\/v2\/users\/1"}],"replies":[{"embeddable":true,"href":"https:\/\/sincomavi.org.br\/index.php?rest_route=%2Fwp%2Fv2%2Fcomments&post=15204"}],"version-history":[{"count":1,"href":"https:\/\/sincomavi.org.br\/index.php?rest_route=\/wp\/v2\/posts\/15204\/revisions"}],"predecessor-version":[{"id":15206,"href":"https:\/\/sincomavi.org.br\/index.php?rest_route=\/wp\/v2\/posts\/15204\/revisions\/15206"}],"wp:featuredmedia":[{"embeddable":true,"href":"https:\/\/sincomavi.org.br\/index.php?rest_route=\/wp\/v2\/media\/15205"}],"wp:attachment":[{"href":"https:\/\/sincomavi.org.br\/index.php?rest_route=%2Fwp%2Fv2%2Fmedia&parent=15204"}],"wp:term":[{"taxonomy":"category","embeddable":true,"href":"https:\/\/sincomavi.org.br\/index.php?rest_route=%2Fwp%2Fv2%2Fcategories&post=15204"},{"taxonomy":"post_tag","embeddable":true,"href":"https:\/\/sincomavi.org.br\/index.php?rest_route=%2Fwp%2Fv2%2Ftags&post=15204"}],"curies":[{"name":"wp","href":"https:\/\/api.w.org\/{rel}","templated":true}]}}