{"id":15201,"date":"2026-01-14T13:17:00","date_gmt":"2026-01-14T16:17:00","guid":{"rendered":"https:\/\/sincomavi.org.br\/?p=15201"},"modified":"2026-01-14T09:17:40","modified_gmt":"2026-01-14T12:17:40","slug":"varejo-fecha-2025-em-queda-apesar-de-avancos-pontuais-em-segmentos-como-matcons","status":"publish","type":"post","link":"https:\/\/sincomavi.org.br\/?p=15201","title":{"rendered":"Varejo fecha 2025 em queda, apesar de avan\u00e7os pontuais em segmentos como matcons"},"content":{"rendered":"\n<hr class=\"wp-block-separator has-alpha-channel-opacity\"\/>\n\n\n<div class=\"wp-block-post-date\"><time datetime=\"2026-01-14T13:17:00-03:00\">14 de janeiro de 2026<\/time><\/div>\n\n\n<p>As vendas do com\u00e9rcio brasileiro recuaram 0,9% em dezembro de 2025, segundo dados do \u00cdndice do Varejo Stone (IVS). Na compara\u00e7\u00e3o anual, a retra\u00e7\u00e3o foi de 1,5%. Com esse desempenho, o varejo encerrou o ano passado com queda acumulada de 0,5% em rela\u00e7\u00e3o a 2024. O levantamento \u00e9 realizado mensalmente pela Stone e acompanha a movimenta\u00e7\u00e3o do varejo em todo o Pa\u00eds.<\/p>\n\n\n\n<p>De acordo com o economista e pesquisador da Stone, Guilherme Freitas, os n\u00fameros refletem o enfraquecimento gradual dos fatores que sustentaram o consumo ao longo de 2025. \u201cOs dados mostram que 2025 foi marcado por uma desacelera\u00e7\u00e3o progressiva do varejo, com perda de tra\u00e7\u00e3o mais evidente no fim do ano&#8221;, avalia. E complementa: &#8220;Embora o mercado de trabalho tenha permanecido robusto e ajudado a sustentar o consumo em diversos momentos, esse impulso encontrou limites em um ambiente financeiro mais restritivo\u201d.<\/p>\n\n\n\n<p>Segundo Guilherme, juros elevados, cr\u00e9dito mais caro e o alto n\u00edvel de endividamento das fam\u00edlias reduziram o espa\u00e7o para novas decis\u00f5es de compra, sobretudo de bens de maior valor. \u201cEsse conjunto de fatores ajuda a explicar o fechamento negativo do ano\u201d, afirma.<\/p>\n\n\n\n<p>No quarto trimestre de 2025, o volume de vendas do varejo caiu 1,7% em rela\u00e7\u00e3o ao mesmo per\u00edodo de 2024 e recuou 0,9% frente ao terceiro trimestre do ano. Para o economista da Stone, o resultado evidencia os limites do impulso vindo do mercado de trabalho. \u201cMesmo em um contexto de desemprego historicamente baixo, o elevado comprometimento da renda das fam\u00edlias com o servi\u00e7o da d\u00edvida e a piora das condi\u00e7\u00f5es de cr\u00e9dito passaram a pesar mais sobre o or\u00e7amento no \u00faltimo trimestre\u201d, explica. \u201cEsse cen\u00e1rio limitou o consumo e resultou em um desempenho mais fraco do varejo no encerramento de 2025\u201d, completa.<\/p>\n\n\n\n<h3 class=\"wp-block-heading\">Material de constru\u00e7\u00e3o se destaca no m\u00eas<\/h3>\n\n\n\n<p>No recorte mensal, apenas tr\u00eas dos oito segmentos analisados registraram alta em dezembro. O principal destaque foi o setor de material de constru\u00e7\u00e3o, que avan\u00e7ou 1,7%, seguido por artigos farmac\u00eauticos (0,6%) e combust\u00edveis e lubrificantes (0,3%). Em contrapartida, apresentaram retra\u00e7\u00e3o livros, jornais, revistas e papelaria (-5,5%), tecidos, vestu\u00e1rio e cal\u00e7ados (-3,4%), hipermercados e supermercados (-3,2%), outros artigos de uso pessoal e dom\u00e9stico (-0,5%) e m\u00f3veis e eletrodom\u00e9sticos (-0,1%).<\/p>\n\n\n\n<p>Na compara\u00e7\u00e3o anual, quatro segmentos encerraram 2025 em alta, com destaque para m\u00f3veis e eletrodom\u00e9sticos (2,4%), artigos farmac\u00eauticos (1,5%) e material de constru\u00e7\u00e3o (0,9%). J\u00e1 no acumulado do ano, a maior parte dos setores registrou queda, incluindo material de constru\u00e7\u00e3o (-0,2%).<\/p>\n\n\n\n<hr class=\"wp-block-separator has-alpha-channel-opacity\"\/>\n","protected":false},"excerpt":{"rendered":"<p>As vendas do com\u00e9rcio brasileiro recuaram 0,9% em dezembro de 2025, segundo dados do \u00cdndice do Varejo Stone (IVS). Na compara\u00e7\u00e3o anual, a retra\u00e7\u00e3o foi de 1,5%. Com esse desempenho, o varejo encerrou o ano passado com queda acumulada de 0,5% em rela\u00e7\u00e3o a 2024. O levantamento \u00e9 realizado mensalmente pela Stone e acompanha a [&hellip;]<\/p>\n","protected":false},"author":1,"featured_media":15202,"comment_status":"closed","ping_status":"open","sticky":false,"template":"","format":"standard","meta":{"tdm_status":"","tdm_grid_status":"","footnotes":""},"categories":[153],"tags":[199,156,1653,620,158,160,1536,200,75],"class_list":["post-15201","post","type-post","status-publish","format-standard","has-post-thumbnail","hentry","category-noticias","tag-comercio","tag-economia","tag-ivs","tag-levantamento","tag-material-de-construcao","tag-pesquisa","tag-stone","tag-varejo","tag-vendas"],"amp_enabled":true,"_links":{"self":[{"href":"https:\/\/sincomavi.org.br\/index.php?rest_route=\/wp\/v2\/posts\/15201","targetHints":{"allow":["GET"]}}],"collection":[{"href":"https:\/\/sincomavi.org.br\/index.php?rest_route=\/wp\/v2\/posts"}],"about":[{"href":"https:\/\/sincomavi.org.br\/index.php?rest_route=\/wp\/v2\/types\/post"}],"author":[{"embeddable":true,"href":"https:\/\/sincomavi.org.br\/index.php?rest_route=\/wp\/v2\/users\/1"}],"replies":[{"embeddable":true,"href":"https:\/\/sincomavi.org.br\/index.php?rest_route=%2Fwp%2Fv2%2Fcomments&post=15201"}],"version-history":[{"count":1,"href":"https:\/\/sincomavi.org.br\/index.php?rest_route=\/wp\/v2\/posts\/15201\/revisions"}],"predecessor-version":[{"id":15203,"href":"https:\/\/sincomavi.org.br\/index.php?rest_route=\/wp\/v2\/posts\/15201\/revisions\/15203"}],"wp:featuredmedia":[{"embeddable":true,"href":"https:\/\/sincomavi.org.br\/index.php?rest_route=\/wp\/v2\/media\/15202"}],"wp:attachment":[{"href":"https:\/\/sincomavi.org.br\/index.php?rest_route=%2Fwp%2Fv2%2Fmedia&parent=15201"}],"wp:term":[{"taxonomy":"category","embeddable":true,"href":"https:\/\/sincomavi.org.br\/index.php?rest_route=%2Fwp%2Fv2%2Fcategories&post=15201"},{"taxonomy":"post_tag","embeddable":true,"href":"https:\/\/sincomavi.org.br\/index.php?rest_route=%2Fwp%2Fv2%2Ftags&post=15201"}],"curies":[{"name":"wp","href":"https:\/\/api.w.org\/{rel}","templated":true}]}}