{"id":15168,"date":"2026-01-07T08:18:02","date_gmt":"2026-01-07T11:18:02","guid":{"rendered":"https:\/\/sincomavi.org.br\/?p=15168"},"modified":"2026-01-07T08:18:04","modified_gmt":"2026-01-07T11:18:04","slug":"iget-registra-retracao-em-dezembro-matcons-lidera-queda-no-varejo","status":"publish","type":"post","link":"https:\/\/sincomavi.org.br\/?p=15168","title":{"rendered":"IGet registra retra\u00e7\u00e3o em dezembro; matcons lidera queda no varejo"},"content":{"rendered":"\n<hr class=\"wp-block-separator has-alpha-channel-opacity\"\/>\n\n\n<div class=\"wp-block-post-date\"><time datetime=\"2026-01-07T08:18:02-03:00\">7 de janeiro de 2026<\/time><\/div>\n\n\n<p>Os dados do \u00cdndice Geral do Emprego e da Atividade Econ\u00f4mica (IGet) confirmam retra\u00e7\u00e3o da atividade em dezembro, com impacto direto sobre o varejo. Na compara\u00e7\u00e3o mensal, o \u00edndice ampliado recuou 1,3% e o restrito caiu 1,5%, encerrando o ano com sinais de desacelera\u00e7\u00e3o. Entre os segmentos que mais pressionaram o resultado negativo est\u00e1 o varejo de material de constru\u00e7\u00e3o, que apresentou queda de 3,4% frente a novembro.<\/p>\n\n\n\n<p>No detalhamento do varejo ampliado, al\u00e9m do desempenho negativo de materiais de constru\u00e7\u00e3o, tamb\u00e9m contribu\u00edram para o recuo os segmentos de autom\u00f3veis, partes e pe\u00e7as (-2,7% m\/m) e vestu\u00e1rio (-5,8% m\/m). Mesmo com crescimento interanual de 1,7% no \u00edndice ampliado e de 4,1% no restrito, o resultado mensal evidencia perda de f\u00f4lego no consumo ao final do ano.<\/p>\n\n\n\n<h2 class=\"wp-block-heading\"><strong>Press\u00e3o da pol\u00edtica monet\u00e1ria sobre a atividade<\/strong><\/h2>\n\n\n\n<p>O cen\u00e1rio de dezembro tamb\u00e9m foi marcado por retra\u00e7\u00e3o no setor de servi\u00e7os prestados \u00e0s fam\u00edlias, que caiu 2,7% no m\u00eas, com desempenho negativo tanto em alojamento e alimenta\u00e7\u00e3o (-2,2% m\/m) quanto em outros servi\u00e7os \u00e0s fam\u00edlias (-2,6% m\/m). No acumulado interanual, os servi\u00e7os seguem em queda, com recuo de 5,5%, mantendo uma sequ\u00eancia negativa ao longo de 2025.<\/p>\n\n\n\n<p>De acordo com a leitura consolidada do indicador, o quarto trimestre apresentou comportamento compat\u00edvel com um cen\u00e1rio de atividade econ\u00f4mica pr\u00f3xima \u00e0 estabilidade, mas com continuidade do processo de desacelera\u00e7\u00e3o observado no terceiro trimestre de 2025. A pol\u00edtica monet\u00e1ria restritiva segue como fator de press\u00e3o sobre o consumo e o investimento, afetando diretamente o varejo, incluindo o segmento de material de constru\u00e7\u00e3o, que encerrou o ano em retra\u00e7\u00e3o.<\/p>\n\n\n\n<hr class=\"wp-block-separator has-alpha-channel-opacity\"\/>\n","protected":false},"excerpt":{"rendered":"<p>Os dados do \u00cdndice Geral do Emprego e da Atividade Econ\u00f4mica (IGet) confirmam retra\u00e7\u00e3o da atividade em dezembro, com impacto direto sobre o varejo. Na compara\u00e7\u00e3o mensal, o \u00edndice ampliado recuou 1,3% e o restrito caiu 1,5%, encerrando o ano com sinais de desacelera\u00e7\u00e3o. Entre os segmentos que mais pressionaram o resultado negativo est\u00e1 o [&hellip;]<\/p>\n","protected":false},"author":1,"featured_media":15169,"comment_status":"closed","ping_status":"open","sticky":false,"template":"","format":"standard","meta":{"tdm_status":"","tdm_grid_status":"","footnotes":""},"categories":[153],"tags":[199,156,1386,620,158,160,200,75],"class_list":["post-15168","post","type-post","status-publish","format-standard","has-post-thumbnail","hentry","category-noticias","tag-comercio","tag-economia","tag-iget","tag-levantamento","tag-material-de-construcao","tag-pesquisa","tag-varejo","tag-vendas"],"amp_enabled":true,"_links":{"self":[{"href":"https:\/\/sincomavi.org.br\/index.php?rest_route=\/wp\/v2\/posts\/15168","targetHints":{"allow":["GET"]}}],"collection":[{"href":"https:\/\/sincomavi.org.br\/index.php?rest_route=\/wp\/v2\/posts"}],"about":[{"href":"https:\/\/sincomavi.org.br\/index.php?rest_route=\/wp\/v2\/types\/post"}],"author":[{"embeddable":true,"href":"https:\/\/sincomavi.org.br\/index.php?rest_route=\/wp\/v2\/users\/1"}],"replies":[{"embeddable":true,"href":"https:\/\/sincomavi.org.br\/index.php?rest_route=%2Fwp%2Fv2%2Fcomments&post=15168"}],"version-history":[{"count":1,"href":"https:\/\/sincomavi.org.br\/index.php?rest_route=\/wp\/v2\/posts\/15168\/revisions"}],"predecessor-version":[{"id":15170,"href":"https:\/\/sincomavi.org.br\/index.php?rest_route=\/wp\/v2\/posts\/15168\/revisions\/15170"}],"wp:featuredmedia":[{"embeddable":true,"href":"https:\/\/sincomavi.org.br\/index.php?rest_route=\/wp\/v2\/media\/15169"}],"wp:attachment":[{"href":"https:\/\/sincomavi.org.br\/index.php?rest_route=%2Fwp%2Fv2%2Fmedia&parent=15168"}],"wp:term":[{"taxonomy":"category","embeddable":true,"href":"https:\/\/sincomavi.org.br\/index.php?rest_route=%2Fwp%2Fv2%2Fcategories&post=15168"},{"taxonomy":"post_tag","embeddable":true,"href":"https:\/\/sincomavi.org.br\/index.php?rest_route=%2Fwp%2Fv2%2Ftags&post=15168"}],"curies":[{"name":"wp","href":"https:\/\/api.w.org\/{rel}","templated":true}]}}