{"id":15165,"date":"2026-01-06T16:26:44","date_gmt":"2026-01-06T19:26:44","guid":{"rendered":"https:\/\/sincomavi.org.br\/?p=15165"},"modified":"2026-01-06T16:26:46","modified_gmt":"2026-01-06T19:26:46","slug":"salario-minimo-e-piso-de-admissao-osasco-cotia-e-franco-da-rocha-2","status":"publish","type":"post","link":"https:\/\/sincomavi.org.br\/?p=15165","title":{"rendered":"Sal\u00e1rio M\u00ednimo e piso de admiss\u00e3o &#8211; Osasco, Cotia e Franco da Rocha"},"content":{"rendered":"\n<hr class=\"wp-block-separator has-alpha-channel-opacity\"\/>\n\n\n<div class=\"wp-block-post-date\"><time datetime=\"2026-01-06T16:26:44-03:00\">6 de janeiro de 2026<\/time><\/div>\n\n\n<p>Em decorr\u00eancia do reajuste, a partir de 01\/01\/2026, do sal\u00e1rio m\u00ednimo nacional mensal, o Sincomavi lembra as empresas representadas, estabelecidas nas regi\u00f5es de Osasco, Franco da Rocha e Cotia, que, al\u00e9m da lei, as Conven\u00e7\u00f5es Coletiva de Trabalho (CCT) celebradas com os sindicatos dos empregados das citadas regi\u00f5es, tamb\u00e9m preveem que nenhum sal\u00e1rio de admiss\u00e3o pode ser inferior ao sal\u00e1rio m\u00ednimo nacional.<\/p>\n\n\n\n<p>Em raz\u00e3o disso, as empresas das citadas regi\u00f5es dever\u00e3o observar, como menor sal\u00e1rio de admiss\u00e3o, o valor de R$ 1.621,00 (mil seiscentos e vinte e um reais), substituindo os valores abaixo dessa import\u00e2ncia nos pisos previstos na CCT respectiva, a partir de 1\u00ba de janeiro de 2026, desde que cumprida integralmente a jornada legal de 44 horas semanais de trabalho.<\/p>\n\n\n\n<p><strong>Qualquer d\u00favida poder\u00e1 ser esclarecida pelo telefone (11) 3488-8200 ou sincomavi@sincomavi.org.br.<\/strong><\/p>\n\n\n\n<hr class=\"wp-block-separator has-alpha-channel-opacity\"\/>\n","protected":false},"excerpt":{"rendered":"<p>Em decorr\u00eancia do reajuste, a partir de 01\/01\/2026, do sal\u00e1rio m\u00ednimo nacional mensal, o Sincomavi lembra as empresas representadas, estabelecidas nas regi\u00f5es de Osasco, Franco da Rocha e Cotia, que, al\u00e9m da lei, as Conven\u00e7\u00f5es Coletiva de Trabalho (CCT) celebradas com os sindicatos dos empregados das citadas regi\u00f5es, tamb\u00e9m preveem que nenhum sal\u00e1rio de admiss\u00e3o [&hellip;]<\/p>\n","protected":false},"author":1,"featured_media":15166,"comment_status":"closed","ping_status":"open","sticky":false,"template":"","format":"standard","meta":{"tdm_status":"","tdm_grid_status":"","footnotes":""},"categories":[157],"tags":[1684,391,356,1181,1521,647,200],"class_list":["post-15165","post","type-post","status-publish","format-standard","has-post-thumbnail","hentry","category-alerta","tag-convencoes-coletivas","tag-cotia","tag-franco-da-rocha","tag-osasco","tag-piso-de-admissao","tag-salario-minimo","tag-varejo"],"amp_enabled":true,"_links":{"self":[{"href":"https:\/\/sincomavi.org.br\/index.php?rest_route=\/wp\/v2\/posts\/15165","targetHints":{"allow":["GET"]}}],"collection":[{"href":"https:\/\/sincomavi.org.br\/index.php?rest_route=\/wp\/v2\/posts"}],"about":[{"href":"https:\/\/sincomavi.org.br\/index.php?rest_route=\/wp\/v2\/types\/post"}],"author":[{"embeddable":true,"href":"https:\/\/sincomavi.org.br\/index.php?rest_route=\/wp\/v2\/users\/1"}],"replies":[{"embeddable":true,"href":"https:\/\/sincomavi.org.br\/index.php?rest_route=%2Fwp%2Fv2%2Fcomments&post=15165"}],"version-history":[{"count":1,"href":"https:\/\/sincomavi.org.br\/index.php?rest_route=\/wp\/v2\/posts\/15165\/revisions"}],"predecessor-version":[{"id":15167,"href":"https:\/\/sincomavi.org.br\/index.php?rest_route=\/wp\/v2\/posts\/15165\/revisions\/15167"}],"wp:featuredmedia":[{"embeddable":true,"href":"https:\/\/sincomavi.org.br\/index.php?rest_route=\/wp\/v2\/media\/15166"}],"wp:attachment":[{"href":"https:\/\/sincomavi.org.br\/index.php?rest_route=%2Fwp%2Fv2%2Fmedia&parent=15165"}],"wp:term":[{"taxonomy":"category","embeddable":true,"href":"https:\/\/sincomavi.org.br\/index.php?rest_route=%2Fwp%2Fv2%2Fcategories&post=15165"},{"taxonomy":"post_tag","embeddable":true,"href":"https:\/\/sincomavi.org.br\/index.php?rest_route=%2Fwp%2Fv2%2Ftags&post=15165"}],"curies":[{"name":"wp","href":"https:\/\/api.w.org\/{rel}","templated":true}]}}