{"id":15140,"date":"2025-12-24T07:56:02","date_gmt":"2025-12-24T10:56:02","guid":{"rendered":"https:\/\/sincomavi.org.br\/?p=15140"},"modified":"2025-12-24T07:56:03","modified_gmt":"2025-12-24T10:56:03","slug":"receita-federal-atualiza-normas-relativas-ao-irpf","status":"publish","type":"post","link":"https:\/\/sincomavi.org.br\/?p=15140","title":{"rendered":"Receita Federal atualiza normas relativas ao IRPF"},"content":{"rendered":"\n<hr class=\"wp-block-separator has-alpha-channel-opacity\"\/>\n\n\n<div class=\"wp-block-post-date\"><time datetime=\"2025-12-24T07:56:02-03:00\">24 de dezembro de 2025<\/time><\/div>\n\n\n<p>A Receita Federal do Brasil publicou a IN RFB n\u00ba 2.299\/25 (DOU DE 18\/12\/2025), para atualizar as normas gerais de tributa\u00e7\u00e3o do Imposto sobre a Renda das Pessoas F\u00edsicas, tendo em vista as altera\u00e7\u00f5es recentes e decis\u00f5es judiciais de car\u00e1ter vinculante para a administra\u00e7\u00e3o tribut\u00e1ria. Do texto legal podemos citar:<\/p>\n\n\n\n<ul class=\"wp-block-list\">\n<li>A partir de 01.01.26 haver\u00e1 redu\u00e7\u00e3o mensal do imposto de renda de at\u00e9 R$ 312,89, de modo que rendimentos tribut\u00e1veis sujeitos ao ajuste mensal de at\u00e9 R$ 5.000,00 n\u00e3o sofrer\u00e3o incid\u00eancia do imposto. Para rendimentos compreendidos entre R$ 5.000,01 e R$ 7.350,00, a redu\u00e7\u00e3o ser\u00e1 aplicada de forma decrescente, sendo integralmente eliminada para rendimentos iguais ou superiores a R$ 7.350,00. Com a finalidade de facilitar a aplica\u00e7\u00e3o das novas regras a Receita Federal ira disponibilizar orienta\u00e7\u00f5es em seu site a partir de janeiro de 2026.<\/li>\n\n\n\n<li>Tamb\u00e9m a partir de 01.01.26 ser\u00e1 aplicada reten\u00e7\u00e3o na fonte, \u00e0 al\u00edquota de 10%, sobre lucros e dividendos distribu\u00eddos a pessoas f\u00edsicas residentes no Brasil em valores superiores a R$ 50.000,00 por m\u00eas, quando pagos por uma mesma pessoa jur\u00eddica, conforme previsto na Lei n\u00ba 15.270\/25. Essa reten\u00e7\u00e3o dever\u00e1 ser realizada por todas as empresas, inclusive aquelas optantes pelo Simples Nacional. N\u00e3o haver\u00e1 reten\u00e7\u00e3o, contudo, sobre lucros e dividendos referentes a resultados apurados at\u00e9 o ano-calend\u00e1rio de 2025, desde que a distribui\u00e7\u00e3o tenha sido aprovada e registrada at\u00e9 31.12.25, nos termos da legisla\u00e7\u00e3o civil ou empresarial. Tamb\u00e9m foi divulgado um conjunto de Perguntas e Respostas para esclarecer pontos relacionados a essa tributa\u00e7\u00e3o, que ser\u00e1 regulamentada oportunamente, considerando que sua aplica\u00e7\u00e3o ocorrer\u00e1 apenas na Declara\u00e7\u00e3o de Ajuste Anual de 2027, relativa ao ano-calend\u00e1rio de 2026.<\/li>\n\n\n\n<li>As tabelas progressivas do IRPF, j\u00e1 em vigor desde maio de 2025 foram atualizadas, com altera\u00e7\u00f5es nos anexos II a IV e VII, que tratam das tabelas progressivas mensal, da participa\u00e7\u00e3o nos lucros ou resultados, dos rendimentos recebidos acumuladamente e da tabela anual.<\/li>\n<\/ul>\n\n\n\n<p>Dado a extens\u00e3o e o alcance da norma, \u00e9 aconselh\u00e1vel o estudo completo da mesma.<\/p>\n\n\n\n<hr class=\"wp-block-separator has-alpha-channel-opacity\"\/>\n","protected":false},"excerpt":{"rendered":"<p>A Receita Federal do Brasil publicou a IN RFB n\u00ba 2.299\/25 (DOU DE 18\/12\/2025), para atualizar as normas gerais de tributa\u00e7\u00e3o do Imposto sobre a Renda das Pessoas F\u00edsicas, tendo em vista as altera\u00e7\u00f5es recentes e decis\u00f5es judiciais de car\u00e1ter vinculante para a administra\u00e7\u00e3o tribut\u00e1ria. Do texto legal podemos citar: Dado a extens\u00e3o e o [&hellip;]<\/p>\n","protected":false},"author":1,"featured_media":11281,"comment_status":"closed","ping_status":"open","sticky":false,"template":"","format":"standard","meta":{"tdm_status":"","tdm_grid_status":"","footnotes":""},"categories":[157],"tags":[132,311],"class_list":["post-15140","post","type-post","status-publish","format-standard","has-post-thumbnail","hentry","category-alerta","tag-irpf","tag-receita-federal"],"amp_enabled":true,"_links":{"self":[{"href":"https:\/\/sincomavi.org.br\/index.php?rest_route=\/wp\/v2\/posts\/15140","targetHints":{"allow":["GET"]}}],"collection":[{"href":"https:\/\/sincomavi.org.br\/index.php?rest_route=\/wp\/v2\/posts"}],"about":[{"href":"https:\/\/sincomavi.org.br\/index.php?rest_route=\/wp\/v2\/types\/post"}],"author":[{"embeddable":true,"href":"https:\/\/sincomavi.org.br\/index.php?rest_route=\/wp\/v2\/users\/1"}],"replies":[{"embeddable":true,"href":"https:\/\/sincomavi.org.br\/index.php?rest_route=%2Fwp%2Fv2%2Fcomments&post=15140"}],"version-history":[{"count":1,"href":"https:\/\/sincomavi.org.br\/index.php?rest_route=\/wp\/v2\/posts\/15140\/revisions"}],"predecessor-version":[{"id":15141,"href":"https:\/\/sincomavi.org.br\/index.php?rest_route=\/wp\/v2\/posts\/15140\/revisions\/15141"}],"wp:featuredmedia":[{"embeddable":true,"href":"https:\/\/sincomavi.org.br\/index.php?rest_route=\/wp\/v2\/media\/11281"}],"wp:attachment":[{"href":"https:\/\/sincomavi.org.br\/index.php?rest_route=%2Fwp%2Fv2%2Fmedia&parent=15140"}],"wp:term":[{"taxonomy":"category","embeddable":true,"href":"https:\/\/sincomavi.org.br\/index.php?rest_route=%2Fwp%2Fv2%2Fcategories&post=15140"},{"taxonomy":"post_tag","embeddable":true,"href":"https:\/\/sincomavi.org.br\/index.php?rest_route=%2Fwp%2Fv2%2Ftags&post=15140"}],"curies":[{"name":"wp","href":"https:\/\/api.w.org\/{rel}","templated":true}]}}