{"id":15123,"date":"2025-12-12T08:41:56","date_gmt":"2025-12-12T11:41:56","guid":{"rendered":"https:\/\/sincomavi.org.br\/?p=15123"},"modified":"2025-12-12T08:42:31","modified_gmt":"2025-12-12T11:42:31","slug":"vendas-de-material-de-construcao-em-sp-caem-12-nos-ultimos-12-meses","status":"publish","type":"post","link":"https:\/\/sincomavi.org.br\/?p=15123","title":{"rendered":"Vendas de matcons em SP caem 1,2% nos \u00faltimos 12 meses"},"content":{"rendered":"\n<hr class=\"wp-block-separator has-alpha-channel-opacity\"\/>\n\n\n<div class=\"wp-block-post-date\"><time datetime=\"2025-12-12T08:41:56-03:00\">12 de dezembro de 2025<\/time><\/div>\n\n\n<p>Dados da Pesquisa Mensal do Com\u00e9rcio (PMC), do Instituto Brasileiro de Geografia e Estat\u00edstica (IBGE), revelam que o volume de vendas do com\u00e9rcio de material de constru\u00e7\u00e3o do Estado de S\u00e3o Paulo contou em outubro com retra\u00e7\u00e3o de 7,3% em rela\u00e7\u00e3o ao mesmo m\u00eas de 2024. Essa foi a quinta queda seguida do indicador na compara\u00e7\u00e3o anual, uma trajet\u00f3ria que tamb\u00e9m ocorreu em \u00e2mbito nacional. A diferen\u00e7a ficou na magnitude, dado que no caso do Brasil, o setor recuou em novembro 3,9%, quase metade da retra\u00e7\u00e3o paulista.\u00a0<\/p>\n\n\n\n<h2 class=\"wp-block-heading has-text-align-center\">Evolu\u00e7\u00e3o mensal do \u00edndice de volume de vendas do com\u00e9rcio de material de constru\u00e7\u00e3o \u2013 M\u00eas contra mesmo m\u00eas do ano anterior<\/h2>\n\n\n<style>.kb-image15123_58e8f0-0a .kb-image-has-overlay:after{opacity:0.3;}<\/style>\n<div class=\"wp-block-kadence-image kb-image15123_58e8f0-0a\"><figure class=\"aligncenter size-full\"><img loading=\"lazy\" decoding=\"async\" width=\"512\" height=\"326\" src=\"https:\/\/sincomavi.org.br\/wp-content\/uploads\/2025\/12\/GR1.png\" alt=\"\" class=\"kb-img wp-image-15124\" srcset=\"https:\/\/sincomavi.org.br\/wp-content\/uploads\/2025\/12\/GR1.png 512w, https:\/\/sincomavi.org.br\/wp-content\/uploads\/2025\/12\/GR1-300x191.png 300w\" sizes=\"auto, (max-width: 512px) 100vw, 512px\" \/><\/figure><\/div>\n\n\n\n<p class=\"has-text-align-right\"><strong>Fonte: PMC \u2013 IBGE<\/strong><\/p>\n\n\n\n<p>No acumulado de 2025, considerando o per\u00edodo de janeiro a outubro, \u00e9 poss\u00edvel verificar que no Estado de S\u00e3o Paulo houve um recuo de 1,5% no desempenho do com\u00e9rcio de material de constru\u00e7\u00e3o. J\u00e1 em 12 meses, pela primeira vez desde os doze meses encerrados em junho de 2024, ocorreu tamb\u00e9m um resultado negativo no estado. Mais precisamente uma queda de 1,2%. No pa\u00eds, apenas como efeito de compara\u00e7\u00e3o, ainda h\u00e1 um avan\u00e7o t\u00edmido de 0,6% neste \u00faltimo indicador, ainda que m\u00eas a m\u00eas tal ritmo venha diminuindo.&nbsp;<\/p>\n\n\n\n<h2 class=\"wp-block-heading has-text-align-center\">Evolu\u00e7\u00e3o do \u00edndice de volume de vendas do com\u00e9rcio de material de constru\u00e7\u00e3o do Estado de S\u00e3o Paulo \u2013 Taxa acumulada de 12 meses<\/h2>\n\n\n<style>.kb-image15123_ebc40a-4b .kb-image-has-overlay:after{opacity:0.3;}<\/style>\n<div class=\"wp-block-kadence-image kb-image15123_ebc40a-4b\"><figure class=\"aligncenter size-full\"><img loading=\"lazy\" decoding=\"async\" width=\"512\" height=\"255\" src=\"https:\/\/sincomavi.org.br\/wp-content\/uploads\/2025\/12\/GR2.png\" alt=\"\" class=\"kb-img wp-image-15125\" srcset=\"https:\/\/sincomavi.org.br\/wp-content\/uploads\/2025\/12\/GR2.png 512w, https:\/\/sincomavi.org.br\/wp-content\/uploads\/2025\/12\/GR2-300x149.png 300w\" sizes=\"auto, (max-width: 512px) 100vw, 512px\" \/><\/figure><\/div>\n\n\n\n<p class=\"has-text-align-right\"><strong>Fonte: PMC \u2013 IBGE<\/strong><\/p>\n\n\n\n<p>O economista Jaime Vasconcellos explica que a retra\u00e7\u00e3o de vendas no varejo de material de constru\u00e7\u00e3o do Estado de S\u00e3o Paulo em outubro \u00e9 consonante com a trajet\u00f3ria negativa do setor em todo este segundo semestre do ano. \u201cPor um lado, temos os efeitos de uma compara\u00e7\u00e3o contra uma base forte, que foi a segunda metade do ano passado\u201d, ressalta. E continua: \u201cNo entanto, n\u00e3o se pode negar o cen\u00e1rio conjuntural de juros e endividamento\/inadimpl\u00eancia familiar elevados, que t\u00eam minado a demanda no setor e que, infelizmente, fez com que sent\u00edssemos em 2025 semestres bastante dicot\u00f4micos\u201d. Em sua opini\u00e3o, a tend\u00eancia n\u00e3o \u00e9 de melhora imediata, o que imp\u00f5e aos empres\u00e1rios do setor ainda mais planejamento para o ano que vem.&nbsp;<\/p>\n\n\n\n<p class=\"has-small-font-size\">OBS: O Volume de Vendas observado pela PMC resulta da defla\u00e7\u00e3o dos valores nominais correntes da receita bruta de revenda por \u00edndices de pre\u00e7os espec\u00edficos para cada grupo de atividade, e para cada Unidade da Federa\u00e7\u00e3o, constru\u00eddos a partir dos relativos de pre\u00e7os do IPCA e do Sistema Nacional de Pesquisa de Custos e \u00cdndices da Constru\u00e7\u00e3o Civil \u2013 SINAPI. A pesquisa tamb\u00e9m avalia apenas empresas com 20 ocupados ou mais.&nbsp;<\/p>\n\n\n\n<hr class=\"wp-block-separator has-alpha-channel-opacity\"\/>\n","protected":false},"excerpt":{"rendered":"<p>Dados da Pesquisa Mensal do Com\u00e9rcio (PMC), do Instituto Brasileiro de Geografia e Estat\u00edstica (IBGE), revelam que o volume de vendas do com\u00e9rcio de material de constru\u00e7\u00e3o do Estado de S\u00e3o Paulo contou em outubro com retra\u00e7\u00e3o de 7,3% em rela\u00e7\u00e3o ao mesmo m\u00eas de 2024. Essa foi a quinta queda seguida do indicador na [&hellip;]<\/p>\n","protected":false},"author":1,"featured_media":15126,"comment_status":"closed","ping_status":"open","sticky":false,"template":"","format":"standard","meta":{"tdm_status":"","tdm_grid_status":"","footnotes":""},"categories":[153],"tags":[199,156,161,620,158,160,665,162,200,75],"class_list":["post-15123","post","type-post","status-publish","format-standard","has-post-thumbnail","hentry","category-noticias","tag-comercio","tag-economia","tag-ibge","tag-levantamento","tag-material-de-construcao","tag-pesquisa","tag-pesquisa-mensal-do-comercio","tag-pmc","tag-varejo","tag-vendas"],"amp_enabled":true,"_links":{"self":[{"href":"https:\/\/sincomavi.org.br\/index.php?rest_route=\/wp\/v2\/posts\/15123","targetHints":{"allow":["GET"]}}],"collection":[{"href":"https:\/\/sincomavi.org.br\/index.php?rest_route=\/wp\/v2\/posts"}],"about":[{"href":"https:\/\/sincomavi.org.br\/index.php?rest_route=\/wp\/v2\/types\/post"}],"author":[{"embeddable":true,"href":"https:\/\/sincomavi.org.br\/index.php?rest_route=\/wp\/v2\/users\/1"}],"replies":[{"embeddable":true,"href":"https:\/\/sincomavi.org.br\/index.php?rest_route=%2Fwp%2Fv2%2Fcomments&post=15123"}],"version-history":[{"count":2,"href":"https:\/\/sincomavi.org.br\/index.php?rest_route=\/wp\/v2\/posts\/15123\/revisions"}],"predecessor-version":[{"id":15128,"href":"https:\/\/sincomavi.org.br\/index.php?rest_route=\/wp\/v2\/posts\/15123\/revisions\/15128"}],"wp:featuredmedia":[{"embeddable":true,"href":"https:\/\/sincomavi.org.br\/index.php?rest_route=\/wp\/v2\/media\/15126"}],"wp:attachment":[{"href":"https:\/\/sincomavi.org.br\/index.php?rest_route=%2Fwp%2Fv2%2Fmedia&parent=15123"}],"wp:term":[{"taxonomy":"category","embeddable":true,"href":"https:\/\/sincomavi.org.br\/index.php?rest_route=%2Fwp%2Fv2%2Fcategories&post=15123"},{"taxonomy":"post_tag","embeddable":true,"href":"https:\/\/sincomavi.org.br\/index.php?rest_route=%2Fwp%2Fv2%2Ftags&post=15123"}],"curies":[{"name":"wp","href":"https:\/\/api.w.org\/{rel}","templated":true}]}}