{"id":15118,"date":"2025-12-11T09:17:14","date_gmt":"2025-12-11T12:17:14","guid":{"rendered":"https:\/\/sincomavi.org.br\/?p=15118"},"modified":"2025-12-11T09:18:06","modified_gmt":"2025-12-11T12:18:06","slug":"a-conhecida-cautela-bc-novamente-mantem-a-selic-em-15-ao-ano","status":"publish","type":"post","link":"https:\/\/sincomavi.org.br\/?p=15118","title":{"rendered":"A conhecida cautela: BC novamente mant\u00e9m a Selic em 15% a.a."},"content":{"rendered":"\n<hr class=\"wp-block-separator has-alpha-channel-opacity\"\/>\n\n\n<div class=\"wp-block-post-date\"><time datetime=\"2025-12-11T09:17:14-03:00\">11 de dezembro de 2025<\/time><\/div>\n\n\n<p><strong>por Jaime Vasconcellos, economista do Sincomavi<\/strong><\/p>\n\n\n\n<p>Reunido nesta quarta-feira (10\/12), o Copom (Comit\u00ea de Pol\u00edtica Monet\u00e1ria) confirmou que a taxa b\u00e1sica de juros brasileira permanecer\u00e1 em 15% ao ano, em linha com a expectativa dos analistas e com a postura conservadora adotada (e esperada) pelo Banco Central. Apesar de pre\u00e7os mais comportados recentemente, amparado sobretudo pela modera\u00e7\u00e3o nos itens alimentares, o colegiado decidiu aguardar sinais mais robustos de uma menor press\u00e3o da demanda antes de iniciar um ciclo de flexibiliza\u00e7\u00e3o monet\u00e1ria. Dessa forma, os primeiros cortes de juros ficar\u00e3o realmente apenas para o in\u00edcio de 2026.<\/p>\n\n\n\n<h2 class=\"wp-block-heading has-text-align-center\"><strong>Evolu\u00e7\u00e3o recente da Taxa Selic (% ao ano)<\/strong><\/h2>\n\n\n<style>.kb-image15118_4aad22-a4 .kb-image-has-overlay:after{opacity:0.3;}<\/style>\n<div class=\"wp-block-kadence-image kb-image15118_4aad22-a4\"><figure class=\"aligncenter size-full\"><img loading=\"lazy\" decoding=\"async\" width=\"512\" height=\"282\" src=\"https:\/\/sincomavi.org.br\/wp-content\/uploads\/2025\/12\/bc.png\" alt=\"\" class=\"kb-img wp-image-15119\" srcset=\"https:\/\/sincomavi.org.br\/wp-content\/uploads\/2025\/12\/bc.png 512w, https:\/\/sincomavi.org.br\/wp-content\/uploads\/2025\/12\/bc-300x165.png 300w\" sizes=\"auto, (max-width: 512px) 100vw, 512px\" \/><\/figure><\/div>\n\n\n\n<p class=\"has-text-align-right\"><strong>Fonte: Banco Central do Brasil<\/strong><\/p>\n\n\n\n<p>O Banco Central destacou em nota que, apesar da queda da infla\u00e7\u00e3o, ainda \u00e9 necess\u00e1ria cautela para garantir sua converg\u00eancia. A demanda interna segue forte devido ao mercado de trabalho aquecido, o que mant\u00e9m a press\u00e3o sobre os pre\u00e7os de servi\u00e7os e dificulta a redu\u00e7\u00e3o da Selic sem comprometer a estabiliza\u00e7\u00e3o dos pre\u00e7os. Com isso, a decis\u00e3o de se manter juros altos foi vista como necess\u00e1ria para consolidar a trajet\u00f3ria de queda inflacion\u00e1ria, mesmo que isso continue impactando o crescimento econ\u00f4mico, cujo ritmo j\u00e1 mostra sinais mais que claros de desacelera\u00e7\u00e3o.&nbsp;<\/p>\n\n\n\n<p>Para empresas, especialmente do varejo de materiais de constru\u00e7\u00e3o, tintas, vidros, ferragens e segmentos cong\u00eaneres da RMSP, acompanhar as decis\u00f5es de pol\u00edtica monet\u00e1ria \u00e9 ainda mais necess\u00e1rio em per\u00edodos de elevado juro b\u00e1sico, pois a Selic norteia diretamente o custo do cr\u00e9dito, portanto, consequentemente os n\u00edveis de expans\u00e3o do consumo das fam\u00edlias e das opera\u00e7\u00f5es e investimentos empresariais. E no caso dos segmentos acima citados, um complicador adicional, pois eles s\u00e3o em m\u00e9dia reconhecidamente mais suscet\u00edveis ao custo do dinheiro devido a uma maior depend\u00eancia da pr\u00f3pria capacidade do cliente em possuir cr\u00e9dito e espa\u00e7o dispon\u00edvel no or\u00e7amento para novos parcelamentos.&nbsp;<\/p>\n\n\n\n<p>Ressaltamos, por fim, que a manuten\u00e7\u00e3o da taxa Selic em patamar elevado por um per\u00edodo mais prolongado n\u00e3o representa desafios empresariais apenas sob a \u00f3tica do consumidor. O cr\u00e9dito mais oneroso impacta diretamente a estrutura de capital dos neg\u00f3cios, tornando mais custosas por exemplo as linhas de capital de giro, antecipa\u00e7\u00e3o de receb\u00edveis e demais formas de financiamento. Diante desse cen\u00e1rio, recomenda-se cautela m\u00e1xima na tomada de cr\u00e9dito pelos estabelecimentos representados. A expectativa \u00e9 que a redu\u00e7\u00e3o da Selic ocorra somente em 2026, possibilitando, alguma queda mais expressiva das taxas de juros para consumidores e empres\u00e1rios somente no segundo semestre.<\/p>\n\n\n\n<hr class=\"wp-block-separator has-alpha-channel-opacity\"\/>\n","protected":false},"excerpt":{"rendered":"<p>por Jaime Vasconcellos, economista do Sincomavi Reunido nesta quarta-feira (10\/12), o Copom (Comit\u00ea de Pol\u00edtica Monet\u00e1ria) confirmou que a taxa b\u00e1sica de juros brasileira permanecer\u00e1 em 15% ao ano, em linha com a expectativa dos analistas e com a postura conservadora adotada (e esperada) pelo Banco Central. Apesar de pre\u00e7os mais comportados recentemente, amparado sobretudo [&hellip;]<\/p>\n","protected":false},"author":1,"featured_media":15120,"comment_status":"closed","ping_status":"open","sticky":false,"template":"","format":"standard","meta":{"tdm_status":"","tdm_grid_status":"","footnotes":""},"categories":[210],"tags":[199,156,632,620,203,200],"class_list":["post-15118","post","type-post","status-publish","format-standard","has-post-thumbnail","hentry","category-artigos","tag-comercio","tag-economia","tag-estudo-setorial","tag-levantamento","tag-selic","tag-varejo"],"amp_enabled":true,"_links":{"self":[{"href":"https:\/\/sincomavi.org.br\/index.php?rest_route=\/wp\/v2\/posts\/15118","targetHints":{"allow":["GET"]}}],"collection":[{"href":"https:\/\/sincomavi.org.br\/index.php?rest_route=\/wp\/v2\/posts"}],"about":[{"href":"https:\/\/sincomavi.org.br\/index.php?rest_route=\/wp\/v2\/types\/post"}],"author":[{"embeddable":true,"href":"https:\/\/sincomavi.org.br\/index.php?rest_route=\/wp\/v2\/users\/1"}],"replies":[{"embeddable":true,"href":"https:\/\/sincomavi.org.br\/index.php?rest_route=%2Fwp%2Fv2%2Fcomments&post=15118"}],"version-history":[{"count":2,"href":"https:\/\/sincomavi.org.br\/index.php?rest_route=\/wp\/v2\/posts\/15118\/revisions"}],"predecessor-version":[{"id":15122,"href":"https:\/\/sincomavi.org.br\/index.php?rest_route=\/wp\/v2\/posts\/15118\/revisions\/15122"}],"wp:featuredmedia":[{"embeddable":true,"href":"https:\/\/sincomavi.org.br\/index.php?rest_route=\/wp\/v2\/media\/15120"}],"wp:attachment":[{"href":"https:\/\/sincomavi.org.br\/index.php?rest_route=%2Fwp%2Fv2%2Fmedia&parent=15118"}],"wp:term":[{"taxonomy":"category","embeddable":true,"href":"https:\/\/sincomavi.org.br\/index.php?rest_route=%2Fwp%2Fv2%2Fcategories&post=15118"},{"taxonomy":"post_tag","embeddable":true,"href":"https:\/\/sincomavi.org.br\/index.php?rest_route=%2Fwp%2Fv2%2Ftags&post=15118"}],"curies":[{"name":"wp","href":"https:\/\/api.w.org\/{rel}","templated":true}]}}