{"id":15062,"date":"2025-12-08T14:42:01","date_gmt":"2025-12-08T17:42:01","guid":{"rendered":"https:\/\/sincomavi.org.br\/?p=15062"},"modified":"2025-12-08T14:42:02","modified_gmt":"2025-12-08T17:42:02","slug":"projecao-da-fecomerciosp-aponta-para-um-avanco-de-5-em-2025-do-varejo-paulista","status":"publish","type":"post","link":"https:\/\/sincomavi.org.br\/?p=15062","title":{"rendered":"Proje\u00e7\u00e3o da FecomercioSP aponta para um avan\u00e7o de 5% em 2025 do varejo paulista"},"content":{"rendered":"\n<hr class=\"wp-block-separator has-alpha-channel-opacity\"\/>\n\n\n<div class=\"wp-block-post-date\"><time datetime=\"2025-12-08T14:42:01-03:00\">8 de dezembro de 2025<\/time><\/div>\n\n\n<p>O com\u00e9rcio no Estado projeta crescimento moderado no pr\u00f3ximo ano. A expans\u00e3o estimada \u00e9 de 5% em rela\u00e7\u00e3o ao per\u00edodo anterior, movimento alinhado ao ritmo mais lento da economia nacional. Em 2024, o setor registrou alta de 9,3% e atingiu R$ 1,42 trilh\u00e3o em faturamento bruto, o maior volume da s\u00e9rie hist\u00f3rica. A desacelera\u00e7\u00e3o ficou mais evidente no segundo semestre, com perda de for\u00e7a em segmentos como autom\u00f3veis e m\u00f3veis.<\/p>\n\n\n\n<h2 class=\"wp-block-heading has-text-align-center\"><strong>Proje\u00e7\u00e3o de faturamento anual do varejo de S\u00e3o Paulo (2025)<\/strong><\/h2>\n\n\n<style>.kb-image15062_e47c67-6e .kb-image-has-overlay:after{opacity:0.3;}<\/style>\n<div class=\"wp-block-kadence-image kb-image15062_e47c67-6e\"><figure class=\"aligncenter size-full\"><img loading=\"lazy\" decoding=\"async\" width=\"838\" height=\"353\" src=\"https:\/\/sincomavi.org.br\/wp-content\/uploads\/2025\/12\/var-2025.png\" alt=\"\" class=\"kb-img wp-image-15063\" srcset=\"https:\/\/sincomavi.org.br\/wp-content\/uploads\/2025\/12\/var-2025.png 838w, https:\/\/sincomavi.org.br\/wp-content\/uploads\/2025\/12\/var-2025-300x126.png 300w, https:\/\/sincomavi.org.br\/wp-content\/uploads\/2025\/12\/var-2025-768x324.png 768w, https:\/\/sincomavi.org.br\/wp-content\/uploads\/2025\/12\/var-2025-640x270.png 640w, https:\/\/sincomavi.org.br\/wp-content\/uploads\/2025\/12\/var-2025-681x287.png 681w\" sizes=\"auto, (max-width: 838px) 100vw, 838px\" \/><\/figure><\/div>\n\n\n\n<p class=\"has-text-align-right\"><strong>Fonte: FecomercioSP<\/strong><\/p>\n\n\n\n<p>Segundo a FecomercioSP, o cen\u00e1rio combina fatores positivos, como mercado de trabalho aquecido e renda em crescimento, com desafios que mant\u00eam o consumo sob press\u00e3o. A taxa de desemprego ficou em 5,4% no trimestre encerrado em outubro, e os rendimentos do trabalho avan\u00e7aram 4% no terceiro trimestre, de acordo com o Ipea. A infla\u00e7\u00e3o apresenta tend\u00eancia de queda, mas permanece acima da meta, com IPCA de 4,68% no acumulado de 12 meses at\u00e9 outubro.<\/p>\n\n\n\n<p><strong>Fatores econ\u00f4micos e impacto por segmentos<\/strong><\/p>\n\n\n\n<p>A taxa b\u00e1sica de juros em 15% ao ano segue como barreira importante para setores dependentes de cr\u00e9dito, incluindo materiais de constru\u00e7\u00e3o, eletrodom\u00e9sticos e m\u00f3veis. O cen\u00e1rio fiscal incerto mant\u00e9m volatilidade econ\u00f4mica, eleva riscos e adia expectativas de redu\u00e7\u00e3o de juros. A ind\u00fastria deve crescer apenas 1% em 2025, frente aos 3,1% do ano anterior, o que contribui para o menor dinamismo das vendas.<\/p>\n\n\n\n<p>Entre janeiro e setembro, vestu\u00e1rio e acess\u00f3rios lideraram o desempenho com alta de 11%, seguidos por autope\u00e7as, eletr\u00f4nicos e supermercados, todos com crescimento de 6%. Itens essenciais sustentam parte das vendas no varejo, com farm\u00e1cias e perfumarias projetando aumento de 6% no ano e supermercados de 5%. J\u00e1 m\u00f3veis apresentaram retra\u00e7\u00e3o de 7% no terceiro trimestre, e pe\u00e7as de ve\u00edculos ca\u00edram 1%, reduzindo o ritmo geral de expans\u00e3o. A expectativa \u00e9 de manuten\u00e7\u00e3o de desempenho moderado no fechamento do ano.<\/p>\n\n\n\n<hr class=\"wp-block-separator has-alpha-channel-opacity\"\/>\n","protected":false},"excerpt":{"rendered":"<p>O com\u00e9rcio no Estado projeta crescimento moderado no pr\u00f3ximo ano. A expans\u00e3o estimada \u00e9 de 5% em rela\u00e7\u00e3o ao per\u00edodo anterior, movimento alinhado ao ritmo mais lento da economia nacional. Em 2024, o setor registrou alta de 9,3% e atingiu R$ 1,42 trilh\u00e3o em faturamento bruto, o maior volume da s\u00e9rie hist\u00f3rica. A desacelera\u00e7\u00e3o ficou [&hellip;]<\/p>\n","protected":false},"author":1,"featured_media":15064,"comment_status":"closed","ping_status":"open","sticky":false,"template":"","format":"standard","meta":{"tdm_status":"","tdm_grid_status":"","footnotes":""},"categories":[153],"tags":[199,156,620,158,160,200,75],"class_list":["post-15062","post","type-post","status-publish","format-standard","has-post-thumbnail","hentry","category-noticias","tag-comercio","tag-economia","tag-levantamento","tag-material-de-construcao","tag-pesquisa","tag-varejo","tag-vendas"],"amp_enabled":true,"_links":{"self":[{"href":"https:\/\/sincomavi.org.br\/index.php?rest_route=\/wp\/v2\/posts\/15062","targetHints":{"allow":["GET"]}}],"collection":[{"href":"https:\/\/sincomavi.org.br\/index.php?rest_route=\/wp\/v2\/posts"}],"about":[{"href":"https:\/\/sincomavi.org.br\/index.php?rest_route=\/wp\/v2\/types\/post"}],"author":[{"embeddable":true,"href":"https:\/\/sincomavi.org.br\/index.php?rest_route=\/wp\/v2\/users\/1"}],"replies":[{"embeddable":true,"href":"https:\/\/sincomavi.org.br\/index.php?rest_route=%2Fwp%2Fv2%2Fcomments&post=15062"}],"version-history":[{"count":1,"href":"https:\/\/sincomavi.org.br\/index.php?rest_route=\/wp\/v2\/posts\/15062\/revisions"}],"predecessor-version":[{"id":15065,"href":"https:\/\/sincomavi.org.br\/index.php?rest_route=\/wp\/v2\/posts\/15062\/revisions\/15065"}],"wp:featuredmedia":[{"embeddable":true,"href":"https:\/\/sincomavi.org.br\/index.php?rest_route=\/wp\/v2\/media\/15064"}],"wp:attachment":[{"href":"https:\/\/sincomavi.org.br\/index.php?rest_route=%2Fwp%2Fv2%2Fmedia&parent=15062"}],"wp:term":[{"taxonomy":"category","embeddable":true,"href":"https:\/\/sincomavi.org.br\/index.php?rest_route=%2Fwp%2Fv2%2Fcategories&post=15062"},{"taxonomy":"post_tag","embeddable":true,"href":"https:\/\/sincomavi.org.br\/index.php?rest_route=%2Fwp%2Fv2%2Ftags&post=15062"}],"curies":[{"name":"wp","href":"https:\/\/api.w.org\/{rel}","templated":true}]}}