{"id":15020,"date":"2025-12-02T09:32:02","date_gmt":"2025-12-02T12:32:02","guid":{"rendered":"https:\/\/sincomavi.org.br\/?p=15020"},"modified":"2025-12-02T09:32:03","modified_gmt":"2025-12-02T12:32:03","slug":"camara-avanca-com-programa-cartao-reconstruir","status":"publish","type":"post","link":"https:\/\/sincomavi.org.br\/?p=15020","title":{"rendered":"C\u00e2mara avan\u00e7a com Programa Cart\u00e3o Reconstruir\u00a0"},"content":{"rendered":"\n<hr class=\"wp-block-separator has-alpha-channel-opacity\"\/>\n\n\n<div class=\"wp-block-post-date\"><time datetime=\"2025-12-02T09:32:02-03:00\">2 de dezembro de 2025<\/time><\/div>\n\n\n<p>A Comiss\u00e3o de Desenvolvimento Urbano da C\u00e2mara dos Deputados aprovou o parecer favor\u00e1vel ao Projeto de Lei n\u00ba 3.141\/2023, que institui o Programa Cart\u00e3o Reconstruir. A iniciativa prev\u00ea subven\u00e7\u00e3o econ\u00f4mica para aquisi\u00e7\u00e3o de materiais de constru\u00e7\u00e3o destinados \u00e0 recupera\u00e7\u00e3o de moradias de fam\u00edlias afetadas por desastres, al\u00e9m de assist\u00eancia t\u00e9cnica e oferta de cursos operacionais sob responsabilidade da Uni\u00e3o.<\/p>\n\n\n\n<p>O texto aprovado, relatado pelo deputado Max Lemos, incorpora emendas anteriormente analisadas pela Comiss\u00e3o de Integra\u00e7\u00e3o Nacional e Desenvolvimento Regional e est\u00e1 alinhado ao Ato das Disposi\u00e7\u00f5es Constitucionais Transit\u00f3rias e \u00e0 Lei de Responsabilidade Fiscal. A Confedera\u00e7\u00e3o Nacional do Com\u00e9rcio de Bens, Servi\u00e7os e Turismo (CNC) manifestou apoio ao projeto, ressaltando que sua implementa\u00e7\u00e3o contribui para ampliar investimentos privados e fortalecer servi\u00e7os p\u00fablicos essenciais, como o saneamento b\u00e1sico.<\/p>\n\n\n\n<p>Claudio Ara\u00fajo de Lima, diretor do Sincomavi e da FecomercioSP, membro da C\u00e2mara Brasileira de Material de Constru\u00e7\u00e3o (CBMC\/CNC), comenta que a medida se mostra estrat\u00e9gica para o varejo, pois amplia o acesso da popula\u00e7\u00e3o a produtos necess\u00e1rios para reconstru\u00e7\u00e3o e permite que os com\u00e9rcios atuem de forma mais efetiva no atendimento emergencial \u00e0s fam\u00edlias atingidas. \u201cEstamos acompanhando o avan\u00e7o da proposta e empenhados em sua aprova\u00e7\u00e3o\u201d, ressalta. \u201cEsse projeto vai ao encontro das camadas mais necessitadas da popula\u00e7\u00e3o, que invariavelmente s\u00e3o as mais atingidas por cat\u00e1strofes clim\u00e1ticas\u201d.\u00a0<\/p>\n\n\n\n<hr class=\"wp-block-separator has-alpha-channel-opacity\"\/>\n","protected":false},"excerpt":{"rendered":"<p>A Comiss\u00e3o de Desenvolvimento Urbano da C\u00e2mara dos Deputados aprovou o parecer favor\u00e1vel ao Projeto de Lei n\u00ba 3.141\/2023, que institui o Programa Cart\u00e3o Reconstruir. A iniciativa prev\u00ea subven\u00e7\u00e3o econ\u00f4mica para aquisi\u00e7\u00e3o de materiais de constru\u00e7\u00e3o destinados \u00e0 recupera\u00e7\u00e3o de moradias de fam\u00edlias afetadas por desastres, al\u00e9m de assist\u00eancia t\u00e9cnica e oferta de cursos operacionais [&hellip;]<\/p>\n","protected":false},"author":1,"featured_media":15021,"comment_status":"closed","ping_status":"open","sticky":false,"template":"","format":"standard","meta":{"tdm_status":"","tdm_grid_status":"","footnotes":""},"categories":[153],"tags":[1671,1672,199,1670,578,200],"class_list":["post-15020","post","type-post","status-publish","format-standard","has-post-thumbnail","hentry","category-noticias","tag-cartao-reconstruir","tag-cbmc-cnc","tag-comercio","tag-pl-3141-2023","tag-projeto-de-lei","tag-varejo"],"amp_enabled":true,"_links":{"self":[{"href":"https:\/\/sincomavi.org.br\/index.php?rest_route=\/wp\/v2\/posts\/15020","targetHints":{"allow":["GET"]}}],"collection":[{"href":"https:\/\/sincomavi.org.br\/index.php?rest_route=\/wp\/v2\/posts"}],"about":[{"href":"https:\/\/sincomavi.org.br\/index.php?rest_route=\/wp\/v2\/types\/post"}],"author":[{"embeddable":true,"href":"https:\/\/sincomavi.org.br\/index.php?rest_route=\/wp\/v2\/users\/1"}],"replies":[{"embeddable":true,"href":"https:\/\/sincomavi.org.br\/index.php?rest_route=%2Fwp%2Fv2%2Fcomments&post=15020"}],"version-history":[{"count":1,"href":"https:\/\/sincomavi.org.br\/index.php?rest_route=\/wp\/v2\/posts\/15020\/revisions"}],"predecessor-version":[{"id":15022,"href":"https:\/\/sincomavi.org.br\/index.php?rest_route=\/wp\/v2\/posts\/15020\/revisions\/15022"}],"wp:featuredmedia":[{"embeddable":true,"href":"https:\/\/sincomavi.org.br\/index.php?rest_route=\/wp\/v2\/media\/15021"}],"wp:attachment":[{"href":"https:\/\/sincomavi.org.br\/index.php?rest_route=%2Fwp%2Fv2%2Fmedia&parent=15020"}],"wp:term":[{"taxonomy":"category","embeddable":true,"href":"https:\/\/sincomavi.org.br\/index.php?rest_route=%2Fwp%2Fv2%2Fcategories&post=15020"},{"taxonomy":"post_tag","embeddable":true,"href":"https:\/\/sincomavi.org.br\/index.php?rest_route=%2Fwp%2Fv2%2Ftags&post=15020"}],"curies":[{"name":"wp","href":"https:\/\/api.w.org\/{rel}","templated":true}]}}