{"id":15007,"date":"2025-12-01T09:37:59","date_gmt":"2025-12-01T12:37:59","guid":{"rendered":"https:\/\/sincomavi.org.br\/?p=15007"},"modified":"2025-12-01T09:38:00","modified_gmt":"2025-12-01T12:38:00","slug":"varejo-de-material-de-construcao-da-rmsp-perde-272-postos-de-trabalho-em-outubro","status":"publish","type":"post","link":"https:\/\/sincomavi.org.br\/?p=15007","title":{"rendered":"Varejo de material de constru\u00e7\u00e3o da RMSP perde 272 postos de trabalho em outubro"},"content":{"rendered":"\n<hr class=\"wp-block-separator has-alpha-channel-opacity\"\/>\n\n\n<div class=\"wp-block-post-date\"><time datetime=\"2025-12-01T09:37:59-03:00\">1 de dezembro de 2025<\/time><\/div>\n\n\n<p>O mercado de trabalho do com\u00e9rcio de material de constru\u00e7\u00e3o da Regi\u00e3o Metropolitana de S\u00e3o Paulo (RMSP) registrou um recuo de 272 empregos com carteira assinada em outubro, segundo o Novo Cadastro Geral de Empregados e Desempregados (Novo Caged). Foram verificadas no per\u00edodo 3.606 admiss\u00f5es contra 3.878 desligamentos, em um total de 96,9 mil empregos ativos. Somente na cidade de S\u00e3o Paulo ocorreu uma perda de 178 vagas, representando 65% do saldo negativo da RMSP.<\/p>\n\n\n\n<h2 class=\"wp-block-heading has-text-align-center\">Evolu\u00e7\u00e3o do saldo de empregos do varejo de material de constru\u00e7\u00e3o \u2013 RMSP e S\u00e3o Paulo\/SP<\/h2>\n\n\n<style>.kb-image15007_45f54e-7a .kb-image-has-overlay:after{opacity:0.3;}<\/style>\n<div class=\"wp-block-kadence-image kb-image15007_45f54e-7a\"><figure class=\"aligncenter size-full\"><img loading=\"lazy\" decoding=\"async\" width=\"512\" height=\"326\" src=\"https:\/\/sincomavi.org.br\/wp-content\/uploads\/2025\/12\/out1.png\" alt=\"\" class=\"kb-img wp-image-15008\" srcset=\"https:\/\/sincomavi.org.br\/wp-content\/uploads\/2025\/12\/out1.png 512w, https:\/\/sincomavi.org.br\/wp-content\/uploads\/2025\/12\/out1-300x191.png 300w\" sizes=\"auto, (max-width: 512px) 100vw, 512px\" \/><\/figure><\/div>\n\n\n\n<p class=\"has-text-align-right\"><strong>Fonte: Novo Caged<\/strong><\/p>\n\n\n\n<p>\u00c9 importante citar que nos tr\u00eas \u00faltimos anos, o saldo de empregos apresentou-se negativo nos meses de outubro, por\u00e9m, a queda de 2025 foi 28% menos aguda que a retra\u00e7\u00e3o de 379 vagas no mesmo m\u00eas do ano passado.&nbsp;<\/p>\n\n\n\n<h2 class=\"wp-block-heading has-text-align-center\">Evolu\u00e7\u00e3o do saldo de empregos do varejo de material de constru\u00e7\u00e3o na RMSP \u2013 Meses de outubro<\/h2>\n\n\n<style>.kb-image15007_b95657-1c .kb-image-has-overlay:after{opacity:0.3;}<\/style>\n<div class=\"wp-block-kadence-image kb-image15007_b95657-1c\"><figure class=\"aligncenter size-full\"><img loading=\"lazy\" decoding=\"async\" width=\"512\" height=\"307\" src=\"https:\/\/sincomavi.org.br\/wp-content\/uploads\/2025\/12\/out2.png\" alt=\"\" class=\"kb-img wp-image-15009\" srcset=\"https:\/\/sincomavi.org.br\/wp-content\/uploads\/2025\/12\/out2.png 512w, https:\/\/sincomavi.org.br\/wp-content\/uploads\/2025\/12\/out2-300x180.png 300w\" sizes=\"auto, (max-width: 512px) 100vw, 512px\" \/><\/figure><\/div>\n\n\n\n<p class=\"has-text-align-right\"><strong>Fonte: Novo Caged<\/strong><\/p>\n\n\n\n<p>Dentre os grupos de atividades analisados mais profundamente, \u00e9 poss\u00edvel constatar que em outubro o segmento que puxou para baixo o resultado geral avaliado foi o com\u00e9rcio varejista de material de constru\u00e7\u00e3o em geral, que na RMSP perdeu sozinho 274 postos de trabalho com carteira assinada.&nbsp;&nbsp;<\/p>\n\n\n<style>.kb-image15007_b41af2-36 .kb-image-has-overlay:after{opacity:0.3;}<\/style>\n<div class=\"wp-block-kadence-image kb-image15007_b41af2-36\"><figure class=\"aligncenter size-full\"><img loading=\"lazy\" decoding=\"async\" width=\"512\" height=\"253\" src=\"https:\/\/sincomavi.org.br\/wp-content\/uploads\/2025\/12\/out3.png\" alt=\"\" class=\"kb-img wp-image-15010\" srcset=\"https:\/\/sincomavi.org.br\/wp-content\/uploads\/2025\/12\/out3.png 512w, https:\/\/sincomavi.org.br\/wp-content\/uploads\/2025\/12\/out3-300x148.png 300w\" sizes=\"auto, (max-width: 512px) 100vw, 512px\" \/><\/figure><\/div>\n\n\n\n<p>J\u00e1 no acumulado de janeiro a outubro, a cria\u00e7\u00e3o de 1.158 empregos teve como destaques os estabelecimentos de ferragens e ferramentas (+351 vagas), de materiais el\u00e9tricos (+290 vagas) e de tintas e materiais para pintura (+180 vagas). Apenas o segmento de cal, areia, pedra, tijolos e telhas apresentar mais desligamentos que admiss\u00f5es em 2025, com 4 vagas perdidas.\u00a0<\/p>\n\n\n<div class=\"wp-block-image\">\n<figure class=\"aligncenter size-large is-resized\"><img loading=\"lazy\" decoding=\"async\" width=\"1024\" height=\"543\" src=\"https:\/\/sincomavi.org.br\/wp-content\/uploads\/2025\/12\/image-1024x543.png\" alt=\"\" class=\"wp-image-15011\" style=\"width:536px;height:auto\" srcset=\"https:\/\/sincomavi.org.br\/wp-content\/uploads\/2025\/12\/image-1024x543.png 1024w, https:\/\/sincomavi.org.br\/wp-content\/uploads\/2025\/12\/image-300x160.png 300w, https:\/\/sincomavi.org.br\/wp-content\/uploads\/2025\/12\/image-768x407.png 768w, https:\/\/sincomavi.org.br\/wp-content\/uploads\/2025\/12\/image-792x420.png 792w, https:\/\/sincomavi.org.br\/wp-content\/uploads\/2025\/12\/image-640x339.png 640w, https:\/\/sincomavi.org.br\/wp-content\/uploads\/2025\/12\/image-681x361.png 681w, https:\/\/sincomavi.org.br\/wp-content\/uploads\/2025\/12\/image.png 1373w\" sizes=\"auto, (max-width: 1024px) 100vw, 1024px\" \/><\/figure><\/div>\n\n\n<p>O economista Jaime Vasconcellos ressalta que j\u00e1 era esperado tal cen\u00e1rio. \u201cEm outubro certamente ver\u00edamos o com\u00e9rcio varejista da Grande S\u00e3o Paulo demitindo mais trabalhadores do que admitindo, o que realmente ocorreu\u201d. Essa hip\u00f3tese j\u00e1 tinha sido levantada at\u00e9 pela conhecida sazonalidade do fim do ano, na qual boa parte da demanda direciona renda para outros produtos e servi\u00e7os, causando a necessidade de ajustes de equipes nas empresas do segmento. \u201cMais que a confirma\u00e7\u00e3o dessa sazonalidade negativa, chama-nos aten\u00e7\u00e3o que o saldo de vagas n\u00e3o foi de uma perda t\u00e3o aguda como a vista ano passado, o que pode sinalizar um poss\u00edvel pessimismo n\u00e3o t\u00e3o elevado dos empregadores do setor\u201d, sup\u00f5e. Mas adverte: \u201cnovos n\u00fameros negativos devem ser mostrados nos meses que restam em 2025 e mesmo que o saldo total do ano fique no positivo, ainda assim ser\u00e1 por volta de metade do visto no ano passado, demonstrando o impacto da conjuntura desacelerada do consumo das fam\u00edlias e, consequentemente, da pr\u00f3pria economia, em geral\u201d.\u00a0<br><\/p>\n\n\n\n<hr class=\"wp-block-separator has-alpha-channel-opacity\"\/>\n","protected":false},"excerpt":{"rendered":"<p>O mercado de trabalho do com\u00e9rcio de material de constru\u00e7\u00e3o da Regi\u00e3o Metropolitana de S\u00e3o Paulo (RMSP) registrou um recuo de 272 empregos com carteira assinada em outubro, segundo o Novo Cadastro Geral de Empregados e Desempregados (Novo Caged). Foram verificadas no per\u00edodo 3.606 admiss\u00f5es contra 3.878 desligamentos, em um total de 96,9 mil empregos [&hellip;]<\/p>\n","protected":false},"author":1,"featured_media":15014,"comment_status":"closed","ping_status":"open","sticky":false,"template":"","format":"standard","meta":{"tdm_status":"","tdm_grid_status":"","footnotes":""},"categories":[153],"tags":[89,199,156,632,620,158,694,160,200],"class_list":["post-15007","post","type-post","status-publish","format-standard","has-post-thumbnail","hentry","category-noticias","tag-caged","tag-comercio","tag-economia","tag-estudo-setorial","tag-levantamento","tag-material-de-construcao","tag-mercado-de-trabalho","tag-pesquisa","tag-varejo"],"amp_enabled":true,"_links":{"self":[{"href":"https:\/\/sincomavi.org.br\/index.php?rest_route=\/wp\/v2\/posts\/15007","targetHints":{"allow":["GET"]}}],"collection":[{"href":"https:\/\/sincomavi.org.br\/index.php?rest_route=\/wp\/v2\/posts"}],"about":[{"href":"https:\/\/sincomavi.org.br\/index.php?rest_route=\/wp\/v2\/types\/post"}],"author":[{"embeddable":true,"href":"https:\/\/sincomavi.org.br\/index.php?rest_route=\/wp\/v2\/users\/1"}],"replies":[{"embeddable":true,"href":"https:\/\/sincomavi.org.br\/index.php?rest_route=%2Fwp%2Fv2%2Fcomments&post=15007"}],"version-history":[{"count":1,"href":"https:\/\/sincomavi.org.br\/index.php?rest_route=\/wp\/v2\/posts\/15007\/revisions"}],"predecessor-version":[{"id":15012,"href":"https:\/\/sincomavi.org.br\/index.php?rest_route=\/wp\/v2\/posts\/15007\/revisions\/15012"}],"wp:featuredmedia":[{"embeddable":true,"href":"https:\/\/sincomavi.org.br\/index.php?rest_route=\/wp\/v2\/media\/15014"}],"wp:attachment":[{"href":"https:\/\/sincomavi.org.br\/index.php?rest_route=%2Fwp%2Fv2%2Fmedia&parent=15007"}],"wp:term":[{"taxonomy":"category","embeddable":true,"href":"https:\/\/sincomavi.org.br\/index.php?rest_route=%2Fwp%2Fv2%2Fcategories&post=15007"},{"taxonomy":"post_tag","embeddable":true,"href":"https:\/\/sincomavi.org.br\/index.php?rest_route=%2Fwp%2Fv2%2Ftags&post=15007"}],"curies":[{"name":"wp","href":"https:\/\/api.w.org\/{rel}","templated":true}]}}