{"id":14977,"date":"2025-11-24T14:12:30","date_gmt":"2025-11-24T17:12:30","guid":{"rendered":"https:\/\/sincomavi.org.br\/?p=14977"},"modified":"2025-11-24T14:12:31","modified_gmt":"2025-11-24T17:12:31","slug":"black-friday-impulsiona-novembro-ao-2o-maior-faturamento-mensal-do-varejo-paulista","status":"publish","type":"post","link":"https:\/\/sincomavi.org.br\/?p=14977","title":{"rendered":"Black Friday impulsiona novembro ao 2\u00ba maior faturamento mensal do varejo paulista"},"content":{"rendered":"\n<hr class=\"wp-block-separator has-alpha-channel-opacity\"\/>\n\n\n<div class=\"wp-block-post-date\"><time datetime=\"2025-11-24T14:12:30-03:00\">24 de novembro de 2025<\/time><\/div>\n\n\n<p>A Black Friday alterou de forma estrutural a sazonalidade das vendas no Estado de S\u00e3o Paulo. Segundo an\u00e1lise da Federa\u00e7\u00e3o do Com\u00e9rcio de Bens, Servi\u00e7os e Turismo do Estado de S\u00e3o Paulo (FecomercioSP), a data fez novembro avan\u00e7ar do sexto para o segundo m\u00eas de maior faturamento do com\u00e9rcio paulista, ficando atr\u00e1s apenas de dezembro.<\/p>\n\n\n\n<h2 class=\"wp-block-heading has-text-align-center\"><strong>Faturamento real mensal do com\u00e9rcio varejista (2009-2024)<\/strong><br>Estado de S\u00e3o Paulo<\/h2>\n\n\n<style>.kb-image14977_48cba9-6f .kb-image-has-overlay:after{opacity:0.3;}<\/style>\n<div class=\"wp-block-kadence-image kb-image14977_48cba9-6f\"><figure class=\"aligncenter size-full\"><img loading=\"lazy\" decoding=\"async\" width=\"705\" height=\"274\" src=\"https:\/\/sincomavi.org.br\/wp-content\/uploads\/2025\/11\/black-2.jpg\" alt=\"\" class=\"kb-img wp-image-14978\" srcset=\"https:\/\/sincomavi.org.br\/wp-content\/uploads\/2025\/11\/black-2.jpg 705w, https:\/\/sincomavi.org.br\/wp-content\/uploads\/2025\/11\/black-2-300x117.jpg 300w, https:\/\/sincomavi.org.br\/wp-content\/uploads\/2025\/11\/black-2-640x249.jpg 640w, https:\/\/sincomavi.org.br\/wp-content\/uploads\/2025\/11\/black-2-681x265.jpg 681w\" sizes=\"auto, (max-width: 705px) 100vw, 705px\" \/><\/figure><\/div>\n\n\n\n<p class=\"has-text-align-right\"><strong>Fonte: FecomercioSP\/SEFAZ-SP<\/strong><\/p>\n\n\n\n<p>Dados da Entidade indicam que, entre 2008 e 2009, novembro apresentava receitas inferiores \u00e0s registradas em meses tradicionalmente fortes para o consumo, como julho e outubro, al\u00e9m de per\u00edodos sem datas comemorativas. O cen\u00e1rio come\u00e7ou a mudar a partir de 2012 e 2013, quando a consolida\u00e7\u00e3o da Black Friday levou o m\u00eas ao quarto lugar em desempenho, com faturamento de R$ 84,4 bilh\u00f5es. Na m\u00e9dia de 2023 e 2024, novembro alcan\u00e7ou a vice-lideran\u00e7a entre os meses do ano.<\/p>\n\n\n\n<p>A participa\u00e7\u00e3o de novembro no total anual tamb\u00e9m se ampliou. Em 2008, o m\u00eas representava 7,9% das vendas do varejo paulista. Em 2010, primeiro ano da Black Friday no Pa\u00eds, atingiu 8,8%. No ano passado, a fatia foi de 9,1%, a segunda maior da s\u00e9rie hist\u00f3rica. No mesmo per\u00edodo, dezembro perdeu intensidade e encerrou 2024 com 9,8% do total anual, diferen\u00e7a de 0,7 ponto porcentual para novembro.<\/p>\n\n\n\n<p>Para Thiago Carvalho, assessor econ\u00f4mico da FecomercioSP, dezembro ainda se mant\u00e9m como principal momento do varejo devido \u00e0 entrada do 13\u00ba sal\u00e1rio. Ele avalia que a dist\u00e2ncia entre os dois meses est\u00e1 cada vez menor: \u201cA Black Friday, em novembro, se aproxima dos resultados do varejo em dezembro. N\u00e3o vai demorar muito para ambos disputarem o posto de principal per\u00edodo de compras do Brasil\u201d.<\/p>\n\n\n\n<p>A transforma\u00e7\u00e3o \u00e9 mais acentuada nos segmentos de eletrodom\u00e9sticos, eletroeletr\u00f4nicos e lojas de departamento, que passaram a concentrar grande parte da demanda da Black Friday. Com consumidores adiando compras para aproveitar os descontos, a participa\u00e7\u00e3o de novembro na receita anual dessas atividades subiu de 7,8% em 2008 para 10,5% no ano passado. Em 2008, a diferen\u00e7a entre novembro e dezembro era de 5,3 pontos porcentuais; em 2024, caiu para 0,3 ponto.<\/p>\n\n\n\n<hr class=\"wp-block-separator has-alpha-channel-opacity\"\/>\n","protected":false},"excerpt":{"rendered":"<p>A Black Friday alterou de forma estrutural a sazonalidade das vendas no Estado de S\u00e3o Paulo. Segundo an\u00e1lise da Federa\u00e7\u00e3o do Com\u00e9rcio de Bens, Servi\u00e7os e Turismo do Estado de S\u00e3o Paulo (FecomercioSP), a data fez novembro avan\u00e7ar do sexto para o segundo m\u00eas de maior faturamento do com\u00e9rcio paulista, ficando atr\u00e1s apenas de dezembro. [&hellip;]<\/p>\n","protected":false},"author":1,"featured_media":14979,"comment_status":"closed","ping_status":"open","sticky":false,"template":"","format":"standard","meta":{"tdm_status":"","tdm_grid_status":"","footnotes":""},"categories":[153],"tags":[1260,199,156,1667,620,158,160,200,75],"class_list":["post-14977","post","type-post","status-publish","format-standard","has-post-thumbnail","hentry","category-noticias","tag-black-friday","tag-comercio","tag-economia","tag-faturmanto","tag-levantamento","tag-material-de-construcao","tag-pesquisa","tag-varejo","tag-vendas"],"amp_enabled":true,"_links":{"self":[{"href":"https:\/\/sincomavi.org.br\/index.php?rest_route=\/wp\/v2\/posts\/14977","targetHints":{"allow":["GET"]}}],"collection":[{"href":"https:\/\/sincomavi.org.br\/index.php?rest_route=\/wp\/v2\/posts"}],"about":[{"href":"https:\/\/sincomavi.org.br\/index.php?rest_route=\/wp\/v2\/types\/post"}],"author":[{"embeddable":true,"href":"https:\/\/sincomavi.org.br\/index.php?rest_route=\/wp\/v2\/users\/1"}],"replies":[{"embeddable":true,"href":"https:\/\/sincomavi.org.br\/index.php?rest_route=%2Fwp%2Fv2%2Fcomments&post=14977"}],"version-history":[{"count":1,"href":"https:\/\/sincomavi.org.br\/index.php?rest_route=\/wp\/v2\/posts\/14977\/revisions"}],"predecessor-version":[{"id":14980,"href":"https:\/\/sincomavi.org.br\/index.php?rest_route=\/wp\/v2\/posts\/14977\/revisions\/14980"}],"wp:featuredmedia":[{"embeddable":true,"href":"https:\/\/sincomavi.org.br\/index.php?rest_route=\/wp\/v2\/media\/14979"}],"wp:attachment":[{"href":"https:\/\/sincomavi.org.br\/index.php?rest_route=%2Fwp%2Fv2%2Fmedia&parent=14977"}],"wp:term":[{"taxonomy":"category","embeddable":true,"href":"https:\/\/sincomavi.org.br\/index.php?rest_route=%2Fwp%2Fv2%2Fcategories&post=14977"},{"taxonomy":"post_tag","embeddable":true,"href":"https:\/\/sincomavi.org.br\/index.php?rest_route=%2Fwp%2Fv2%2Ftags&post=14977"}],"curies":[{"name":"wp","href":"https:\/\/api.w.org\/{rel}","templated":true}]}}