{"id":14967,"date":"2025-11-19T14:25:52","date_gmt":"2025-11-19T17:25:52","guid":{"rendered":"https:\/\/sincomavi.org.br\/?p=14967"},"modified":"2025-12-01T11:28:16","modified_gmt":"2025-12-01T14:28:16","slug":"convencao-coletiva-de-trabalho-entre-sincomavi-e-sindicapro-e-assinada","status":"publish","type":"post","link":"https:\/\/sincomavi.org.br\/?p=14967","title":{"rendered":"Conven\u00e7\u00e3o Coletiva de Trabalho entre Sincomavi e Sindicapro \u00e9 assinada"},"content":{"rendered":"\n<hr class=\"wp-block-separator has-alpha-channel-opacity\"\/>\n\n\n<div class=\"wp-block-post-date\"><time datetime=\"2025-11-19T14:25:52-03:00\">19 de novembro de 2025<\/time><\/div>\n\n\n<p>O Sincomavi firmou a Conven\u00e7\u00e3o Coletiva de Trabalho 2025\/2026 com o Sindicato dos Condutores em Transportes Rodovi\u00e1rios de Cargas Pr\u00f3prias de S\u00e3o Paulo (Sindicapro). O acordo estabelece as regras trabalhistas para os motoristas que atuam nas empresas representadas pelo sindicato patronal.<\/p>\n\n\n\n<p>O documento consolida cl\u00e1usulas econ\u00f4micas e sociais v\u00e1lidas para todo o per\u00edodo da conven\u00e7\u00e3o, incluindo reajustes, pisos salariais e condi\u00e7\u00f5es espec\u00edficas de trabalho. Entre os pontos que exigem aten\u00e7\u00e3o das empresas, est\u00e3o os dispositivos referentes ao reajustamento, aos sal\u00e1rios de admiss\u00e3o \u2014 inclusive para microempresas \u2014 e \u00e0s regras de trabalho aos domingos, feriados e no dia 1\u00ba de maio.<\/p>\n\n\n\n<p>A conven\u00e7\u00e3o tamb\u00e9m define a obrigatoriedade do seguro de vida, previsto em lei, substituindo o aux\u00edlio-funeral, al\u00e9m de detalhar as normas sobre contribui\u00e7\u00e3o associativa e assistencial dos empregados. Essa cl\u00e1usula, que teve atualiza\u00e7\u00e3o em sua reda\u00e7\u00e3o, demanda an\u00e1lise cuidadosa por parte dos empregadores.<\/p>\n\n\n\n<p>O Departamento Jur\u00eddico do Sincomavi recomenda a leitura integral da conven\u00e7\u00e3o antes da aplica\u00e7\u00e3o das normas e se coloca \u00e0 disposi\u00e7\u00e3o para esclarecer d\u00favidas adicionais.<\/p>\n\n\n\n<hr class=\"wp-block-separator has-alpha-channel-opacity\"\/>\n","protected":false},"excerpt":{"rendered":"<p>O Sincomavi firmou a Conven\u00e7\u00e3o Coletiva de Trabalho 2025\/2026 com o Sindicato dos Condutores em Transportes Rodovi\u00e1rios de Cargas Pr\u00f3prias de S\u00e3o Paulo (Sindicapro). O acordo estabelece as regras trabalhistas para os motoristas que atuam nas empresas representadas pelo sindicato patronal. O documento consolida cl\u00e1usulas econ\u00f4micas e sociais v\u00e1lidas para todo o per\u00edodo da conven\u00e7\u00e3o, [&hellip;]<\/p>\n","protected":false},"author":1,"featured_media":14970,"comment_status":"closed","ping_status":"open","sticky":false,"template":"","format":"standard","meta":{"tdm_status":"","tdm_grid_status":"","footnotes":""},"categories":[157],"tags":[199,1666,363,200],"class_list":["post-14967","post","type-post","status-publish","format-standard","has-post-thumbnail","hentry","category-alerta","tag-comercio","tag-convencao-coletiva","tag-relacoes-trabalhistas","tag-varejo"],"amp_enabled":true,"_links":{"self":[{"href":"https:\/\/sincomavi.org.br\/index.php?rest_route=\/wp\/v2\/posts\/14967","targetHints":{"allow":["GET"]}}],"collection":[{"href":"https:\/\/sincomavi.org.br\/index.php?rest_route=\/wp\/v2\/posts"}],"about":[{"href":"https:\/\/sincomavi.org.br\/index.php?rest_route=\/wp\/v2\/types\/post"}],"author":[{"embeddable":true,"href":"https:\/\/sincomavi.org.br\/index.php?rest_route=\/wp\/v2\/users\/1"}],"replies":[{"embeddable":true,"href":"https:\/\/sincomavi.org.br\/index.php?rest_route=%2Fwp%2Fv2%2Fcomments&post=14967"}],"version-history":[{"count":1,"href":"https:\/\/sincomavi.org.br\/index.php?rest_route=\/wp\/v2\/posts\/14967\/revisions"}],"predecessor-version":[{"id":14969,"href":"https:\/\/sincomavi.org.br\/index.php?rest_route=\/wp\/v2\/posts\/14967\/revisions\/14969"}],"wp:featuredmedia":[{"embeddable":true,"href":"https:\/\/sincomavi.org.br\/index.php?rest_route=\/wp\/v2\/media\/14970"}],"wp:attachment":[{"href":"https:\/\/sincomavi.org.br\/index.php?rest_route=%2Fwp%2Fv2%2Fmedia&parent=14967"}],"wp:term":[{"taxonomy":"category","embeddable":true,"href":"https:\/\/sincomavi.org.br\/index.php?rest_route=%2Fwp%2Fv2%2Fcategories&post=14967"},{"taxonomy":"post_tag","embeddable":true,"href":"https:\/\/sincomavi.org.br\/index.php?rest_route=%2Fwp%2Fv2%2Ftags&post=14967"}],"curies":[{"name":"wp","href":"https:\/\/api.w.org\/{rel}","templated":true}]}}