{"id":14961,"date":"2025-11-18T14:37:31","date_gmt":"2025-11-18T17:37:31","guid":{"rendered":"https:\/\/sincomavi.org.br\/?p=14961"},"modified":"2025-11-18T14:37:32","modified_gmt":"2025-11-18T17:37:32","slug":"economia-registra-variacao-de-01-no-terceiro-trimestre","status":"publish","type":"post","link":"https:\/\/sincomavi.org.br\/?p=14961","title":{"rendered":"Economia registra varia\u00e7\u00e3o de 0,1% no terceiro trimestre"},"content":{"rendered":"\n<hr class=\"wp-block-separator has-alpha-channel-opacity\"\/>\n\n\n<div class=\"wp-block-post-date\"><time datetime=\"2025-11-18T14:37:31-03:00\">18 de novembro de 2025<\/time><\/div>\n\n\n<p>O Monitor do PIB-FGV identificou crescimento de 0,1% na atividade econ\u00f4mica do terceiro trimestre, em compara\u00e7\u00e3o ao segundo, na s\u00e9rie com ajuste sazonal. Em setembro, frente a agosto, o n\u00edvel de atividade permaneceu est\u00e1vel. No acumulado em 12 meses at\u00e9 o terceiro trimestre, a alta foi de 2,5%. Na compara\u00e7\u00e3o interanual, os resultados registraram aumentos de 1,5% no trimestre e 2,3% em setembro.<\/p>\n\n\n\n<p>Segundo Juliana Trece, coordenadora da pesquisa, o resultado do terceiro trimestre mostra que a desacelera\u00e7\u00e3o se refletiu na quase estagna\u00e7\u00e3o apontada no crescimento de apenas 0,1%. &#8220;O setor de servi\u00e7os e o consumo das fam\u00edlias ficaram estagnados, e os outros componentes pouco contribu\u00edram para um desempenho mais forte da economia\u201d, ressalta.<\/p>\n\n\n\n<h3 class=\"wp-block-heading\"><strong>Comportamento da demanda indica ritmo mais moderado<\/strong><\/h3>\n\n\n\n<p>A an\u00e1lise dos componentes da demanda, observada na s\u00e9rie trimestral interanual, mostrou perda de dinamismo ao longo de 2025. O consumo das fam\u00edlias apresentou crescimento de 0,2% no terceiro trimestre, ap\u00f3s registrar avan\u00e7os superiores a 3,0% ao ano desde 2021. O consumo de bens dur\u00e1veis e n\u00e3o dur\u00e1veis recuou, enquanto o de servi\u00e7os, embora positivo, tamb\u00e9m perdeu for\u00e7a.<\/p>\n\n\n\n<p>A Forma\u00e7\u00e3o Bruta de Capital Fixo caiu 0,4% no terceiro trimestre. A retra\u00e7\u00e3o foi explicada pelo desempenho negativo de m\u00e1quinas e equipamentos. Constru\u00e7\u00e3o e outros segmentos permaneceram positivos, mas com contribui\u00e7\u00f5es menores ao longo do ano.<\/p>\n\n\n\n<p>As exporta\u00e7\u00f5es cresceram 7,0% no per\u00edodo, mantendo trajet\u00f3ria de expans\u00e3o observada ao longo de 2025. Houve aumento em todos os grupos de produtos, com destaque para os da extrativa, respons\u00e1veis por cerca de 44% da contribui\u00e7\u00e3o total do componente.<\/p>\n\n\n\n<p>As importa\u00e7\u00f5es avan\u00e7aram 3,8%, impulsionadas principalmente por bens intermedi\u00e1rios e de capital. Produtos da extrativa e servi\u00e7os registraram quedas, atenuando o resultado geral.<\/p>\n\n\n\n<p>O PIB em valores correntes acumulado at\u00e9 o terceiro trimestre foi estimado em R$ 9,370 trilh\u00f5es. A taxa de investimento no per\u00edodo foi de 18,9%, medida na s\u00e9rie trimestral a pre\u00e7os constantes.<\/p>\n","protected":false},"excerpt":{"rendered":"<p>O Monitor do PIB-FGV identificou crescimento de 0,1% na atividade econ\u00f4mica do terceiro trimestre, em compara\u00e7\u00e3o ao segundo, na s\u00e9rie com ajuste sazonal. Em setembro, frente a agosto, o n\u00edvel de atividade permaneceu est\u00e1vel. No acumulado em 12 meses at\u00e9 o terceiro trimestre, a alta foi de 2,5%. Na compara\u00e7\u00e3o interanual, os resultados registraram aumentos [&hellip;]<\/p>\n","protected":false},"author":1,"featured_media":14962,"comment_status":"closed","ping_status":"open","sticky":false,"template":"","format":"standard","meta":{"tdm_status":"","tdm_grid_status":"","footnotes":""},"categories":[153],"tags":[156,620,160],"class_list":["post-14961","post","type-post","status-publish","format-standard","has-post-thumbnail","hentry","category-noticias","tag-economia","tag-levantamento","tag-pesquisa"],"amp_enabled":true,"_links":{"self":[{"href":"https:\/\/sincomavi.org.br\/index.php?rest_route=\/wp\/v2\/posts\/14961","targetHints":{"allow":["GET"]}}],"collection":[{"href":"https:\/\/sincomavi.org.br\/index.php?rest_route=\/wp\/v2\/posts"}],"about":[{"href":"https:\/\/sincomavi.org.br\/index.php?rest_route=\/wp\/v2\/types\/post"}],"author":[{"embeddable":true,"href":"https:\/\/sincomavi.org.br\/index.php?rest_route=\/wp\/v2\/users\/1"}],"replies":[{"embeddable":true,"href":"https:\/\/sincomavi.org.br\/index.php?rest_route=%2Fwp%2Fv2%2Fcomments&post=14961"}],"version-history":[{"count":1,"href":"https:\/\/sincomavi.org.br\/index.php?rest_route=\/wp\/v2\/posts\/14961\/revisions"}],"predecessor-version":[{"id":14963,"href":"https:\/\/sincomavi.org.br\/index.php?rest_route=\/wp\/v2\/posts\/14961\/revisions\/14963"}],"wp:featuredmedia":[{"embeddable":true,"href":"https:\/\/sincomavi.org.br\/index.php?rest_route=\/wp\/v2\/media\/14962"}],"wp:attachment":[{"href":"https:\/\/sincomavi.org.br\/index.php?rest_route=%2Fwp%2Fv2%2Fmedia&parent=14961"}],"wp:term":[{"taxonomy":"category","embeddable":true,"href":"https:\/\/sincomavi.org.br\/index.php?rest_route=%2Fwp%2Fv2%2Fcategories&post=14961"},{"taxonomy":"post_tag","embeddable":true,"href":"https:\/\/sincomavi.org.br\/index.php?rest_route=%2Fwp%2Fv2%2Ftags&post=14961"}],"curies":[{"name":"wp","href":"https:\/\/api.w.org\/{rel}","templated":true}]}}