{"id":14952,"date":"2025-11-17T14:10:00","date_gmt":"2025-11-17T17:10:00","guid":{"rendered":"https:\/\/sincomavi.org.br\/?p=14952"},"modified":"2025-11-16T19:14:08","modified_gmt":"2025-11-16T22:14:08","slug":"inadimplencia-das-pessoas-fisicas-deve-recuar-no-fim-de-2025","status":"publish","type":"post","link":"https:\/\/sincomavi.org.br\/?p=14952","title":{"rendered":"Inadimpl\u00eancia das pessoas f\u00edsicas deve recuar no fim de 2025"},"content":{"rendered":"\n<hr class=\"wp-block-separator has-alpha-channel-opacity\"\/>\n\n\n<div class=\"wp-block-post-date\"><time datetime=\"2025-11-17T14:10:00-03:00\">17 de novembro de 2025<\/time><\/div>\n\n\n<p>As proje\u00e7\u00f5es mais recentes do Instituto Brasileiro de Executivos de Varejo e Mercado de Consumo (IBEVAR) e da FIA Business School apontam para uma tend\u00eancia de redu\u00e7\u00e3o moderada da inadimpl\u00eancia das pessoas f\u00edsicas nos pr\u00f3ximos meses. Segundo o estudo, elaborado a partir de s\u00e9ries temporais do Banco Central do Brasil, o pico do ciclo de atrasos no cr\u00e9dito j\u00e1 teria ficado para tr\u00e1s.<\/p>\n\n\n\n<p>A taxa total de inadimpl\u00eancia das pessoas f\u00edsicas deve encerrar novembro de 2025 com m\u00e9dia de 4,72%, oscilando entre 4,44% e 5,01%. Para dezembro, o indicador projetado \u00e9 de 4,64%, enquanto janeiro de 2026 deve registrar 4,77%. As estimativas refor\u00e7am um cen\u00e1rio de estabilidade, alinhado ao comportamento recente do mercado de cr\u00e9dito.<\/p>\n\n\n\n<p>No caso das opera\u00e7\u00f5es com recursos livres, segmento mais sens\u00edvel \u00e0s condi\u00e7\u00f5es econ\u00f4micas, o levantamento aponta leve melhora. A inadimpl\u00eancia m\u00e9dia projetada para novembro de 2025 \u00e9 de 6,61%, dentro de um intervalo de 6,30% a 6,92%. O resultado representa queda de 0,09 ponto percentual em rela\u00e7\u00e3o ao dado observado em setembro (6,70%) e de 0,08 ponto percentual frente \u00e0 estimativa de outubro.<\/p>\n\n\n\n<p>Claudio Felisoni, presidente do IBEVAR e Professor da FIA Business School, comenta que o comportamento dos atrasos mais curtos deve ser monitorado. Segundo ele, \u201co aumento recente dos atrasos entre 15 e 90 dias sugere que o \u00edndice efetivo de inadimpl\u00eancia possa se aproximar da faixa superior da estimativa (em torno de 6,9%)\u201d.<\/p>\n\n\n\n<p>O estudo indica que a trajet\u00f3ria para o in\u00edcio de 2026 permanece compat\u00edvel com um ambiente de cr\u00e9dito ainda cauteloso, por\u00e9m sem sinais adicionais de deteriora\u00e7\u00e3o.<\/p>\n\n\n\n<hr class=\"wp-block-separator has-alpha-channel-opacity\"\/>\n","protected":false},"excerpt":{"rendered":"<p>As proje\u00e7\u00f5es mais recentes do Instituto Brasileiro de Executivos de Varejo e Mercado de Consumo (IBEVAR) e da FIA Business School apontam para uma tend\u00eancia de redu\u00e7\u00e3o moderada da inadimpl\u00eancia das pessoas f\u00edsicas nos pr\u00f3ximos meses. Segundo o estudo, elaborado a partir de s\u00e9ries temporais do Banco Central do Brasil, o pico do ciclo de [&hellip;]<\/p>\n","protected":false},"author":1,"featured_media":14950,"comment_status":"closed","ping_status":"open","sticky":false,"template":"","format":"standard","meta":{"tdm_status":"","tdm_grid_status":"","footnotes":""},"categories":[153],"tags":[199,613,1027,156,1499,1498,410,620,200,75],"class_list":["post-14952","post","type-post","status-publish","format-standard","has-post-thumbnail","hentry","category-noticias","tag-comercio","tag-debitos","tag-dividas","tag-economia","tag-fia","tag-ibevar","tag-inadimplencia","tag-levantamento","tag-varejo","tag-vendas"],"amp_enabled":true,"_links":{"self":[{"href":"https:\/\/sincomavi.org.br\/index.php?rest_route=\/wp\/v2\/posts\/14952","targetHints":{"allow":["GET"]}}],"collection":[{"href":"https:\/\/sincomavi.org.br\/index.php?rest_route=\/wp\/v2\/posts"}],"about":[{"href":"https:\/\/sincomavi.org.br\/index.php?rest_route=\/wp\/v2\/types\/post"}],"author":[{"embeddable":true,"href":"https:\/\/sincomavi.org.br\/index.php?rest_route=\/wp\/v2\/users\/1"}],"replies":[{"embeddable":true,"href":"https:\/\/sincomavi.org.br\/index.php?rest_route=%2Fwp%2Fv2%2Fcomments&post=14952"}],"version-history":[{"count":1,"href":"https:\/\/sincomavi.org.br\/index.php?rest_route=\/wp\/v2\/posts\/14952\/revisions"}],"predecessor-version":[{"id":14953,"href":"https:\/\/sincomavi.org.br\/index.php?rest_route=\/wp\/v2\/posts\/14952\/revisions\/14953"}],"wp:featuredmedia":[{"embeddable":true,"href":"https:\/\/sincomavi.org.br\/index.php?rest_route=\/wp\/v2\/media\/14950"}],"wp:attachment":[{"href":"https:\/\/sincomavi.org.br\/index.php?rest_route=%2Fwp%2Fv2%2Fmedia&parent=14952"}],"wp:term":[{"taxonomy":"category","embeddable":true,"href":"https:\/\/sincomavi.org.br\/index.php?rest_route=%2Fwp%2Fv2%2Fcategories&post=14952"},{"taxonomy":"post_tag","embeddable":true,"href":"https:\/\/sincomavi.org.br\/index.php?rest_route=%2Fwp%2Fv2%2Ftags&post=14952"}],"curies":[{"name":"wp","href":"https:\/\/api.w.org\/{rel}","templated":true}]}}