{"id":14940,"date":"2025-11-17T09:38:00","date_gmt":"2025-11-17T12:38:00","guid":{"rendered":"https:\/\/sincomavi.org.br\/?p=14940"},"modified":"2025-11-16T18:44:21","modified_gmt":"2025-11-16T21:44:21","slug":"vendas-de-material-de-construcao-retraem-pelo-4-mes-seguido-em-sp","status":"publish","type":"post","link":"https:\/\/sincomavi.org.br\/?p=14940","title":{"rendered":"Vendas de material de constru\u00e7\u00e3o retraem pelo 4\u00b0 m\u00eas seguido em SP"},"content":{"rendered":"\n<hr class=\"wp-block-separator has-alpha-channel-opacity\"\/>\n\n\n<div class=\"wp-block-post-date\"><time datetime=\"2025-11-17T09:38:00-03:00\">17 de novembro de 2025<\/time><\/div>\n\n\n<p>Dados da Pesquisa Mensal do Com\u00e9rcio (PMC-IBGE) mostram que no Estado de S\u00e3o Paulo o volume de vendas do com\u00e9rcio de material de constru\u00e7\u00e3o caiu 1,5% em setembro, na compara\u00e7\u00e3o com o mesmo m\u00eas do ano anterior. Com isso, na contraposi\u00e7\u00e3o anual ocorreu a quarta retra\u00e7\u00e3o seguida do indicador. O mesmo fen\u00f4meno pode ser visto com o desempenho nacional, por\u00e9m, com uma ressalva, a queda em \u00e2mbito federal de setembro foi de apenas 0,3%.<\/p>\n\n\n\n<h3 class=\"wp-block-heading has-text-align-center\"><strong>Evolu\u00e7\u00e3o mensal do \u00edndice de volume de vendas do com\u00e9rcio de material de constru\u00e7\u00e3o \u2013 M\u00eas contra mesmo m\u00eas do ano anterior<\/strong><\/h3>\n\n\n<style>.kb-image14940_f63480-7b .kb-image-has-overlay:after{opacity:0.3;}<\/style>\n<div class=\"wp-block-kadence-image kb-image14940_f63480-7b\"><figure class=\"aligncenter size-full\"><img loading=\"lazy\" decoding=\"async\" width=\"512\" height=\"326\" src=\"https:\/\/sincomavi.org.br\/wp-content\/uploads\/2025\/11\/pmc-1.png\" alt=\"\" class=\"kb-img wp-image-14941\" srcset=\"https:\/\/sincomavi.org.br\/wp-content\/uploads\/2025\/11\/pmc-1.png 512w, https:\/\/sincomavi.org.br\/wp-content\/uploads\/2025\/11\/pmc-1-300x191.png 300w\" sizes=\"auto, (max-width: 512px) 100vw, 512px\" \/><\/figure><\/div>\n\n\n\n<p class=\"has-text-align-right\"><strong>Fonte: PMC\/IBGE<\/strong><\/p>\n\n\n\n<p>Devido ao novo recuo mensal de vendas, no acumulado dos nove primeiros meses de 2025 o volume de vendas na economia paulista registra um recuo de 0,7%, em compara\u00e7\u00e3o ao mesmo per\u00edodo de 2024. No Brasil, o indicador acumulado ainda \u00e9 positivo em 0,6%. No entanto, h\u00e1 mostras vis\u00edveis de desacelera\u00e7\u00e3o.<\/p>\n\n\n\n<p>J\u00e1 em doze meses, as vendas aumentaram apenas 0,5% no Estado de S\u00e3o Paulo, bem abaixo dos 2% positivos verificados no mercado nacional.&nbsp;<\/p>\n\n\n\n<h3 class=\"wp-block-heading has-text-align-center\"><strong>Evolu\u00e7\u00e3o do \u00edndice de volume de vendas do com\u00e9rcio de material de constru\u00e7\u00e3o do Estado de S\u00e3o Paulo \u2013 Taxa acumulada de 12 meses<\/strong><\/h3>\n\n\n<style>.kb-image14940_e206f9-97 .kb-image-has-overlay:after{opacity:0.3;}<\/style>\n<div class=\"wp-block-kadence-image kb-image14940_e206f9-97\"><figure class=\"aligncenter size-full\"><img loading=\"lazy\" decoding=\"async\" width=\"512\" height=\"245\" src=\"https:\/\/sincomavi.org.br\/wp-content\/uploads\/2025\/11\/pmc-2.png\" alt=\"\" class=\"kb-img wp-image-14942\" srcset=\"https:\/\/sincomavi.org.br\/wp-content\/uploads\/2025\/11\/pmc-2.png 512w, https:\/\/sincomavi.org.br\/wp-content\/uploads\/2025\/11\/pmc-2-300x144.png 300w\" sizes=\"auto, (max-width: 512px) 100vw, 512px\" \/><\/figure><\/div>\n\n\n\n<p class=\"has-text-align-right\"><strong>Fonte: PMC\/IBGE<\/strong><\/p>\n\n\n\n<p>Jaime Vasconcellos, assessor econ\u00f4mico do Sincomavi, comenta que os resultados recentes preocupam, ainda que este cen\u00e1rio fosse esperado para o segundo semestre, conforme foi alertado em an\u00e1lises anteriores. \u201cOs efeitos dos elevados n\u00edveis de endividamento e inadimpl\u00eancia das fam\u00edlias, aliado aos altos juros puxados pela Selic recorde em quase 20 anos, prejudica a capacidade da demanda em continuar a avan\u00e7ar\u201d, adverte. E complementa: \u201cConsiderando o \u2018gap temporal\u2019 entre os avan\u00e7os da taxa b\u00e1sica de juros e os efeitos na economia real, era aguardada que as influ\u00eancias negativas na atividade fossem mais sentidas nesta segunda metade de 2025, especialmente para um setor bastante sens\u00edvel ao custo do cr\u00e9dito, como \u00e9 o de material de constru\u00e7\u00e3o\u201d.&nbsp;<\/p>\n\n\n\n<p class=\"has-small-font-size\"><strong>OBS: O Volume de Vendas observado pela PMC resulta da defla\u00e7\u00e3o dos valores nominais correntes da receita bruta de revenda<\/strong> <strong>por \u00edndices de pre\u00e7os espec\u00edficos para cada grupo de atividade, e para cada Unidade da Federa\u00e7\u00e3o, constru\u00eddos a partir dos relativos de pre\u00e7os do IPCA e do Sistema Nacional de Pesquisa de Custos e \u00cdndices da Constru\u00e7\u00e3o Civil \u2013 SINAPI. A pesquisa tamb\u00e9m avalia apenas empresas com 20 ocupados ou mais.&nbsp;<\/strong><\/p>\n\n\n\n<hr class=\"wp-block-separator has-alpha-channel-opacity\"\/>\n","protected":false},"excerpt":{"rendered":"<p>Dados da Pesquisa Mensal do Com\u00e9rcio (PMC-IBGE) mostram que no Estado de S\u00e3o Paulo o volume de vendas do com\u00e9rcio de material de constru\u00e7\u00e3o caiu 1,5% em setembro, na compara\u00e7\u00e3o com o mesmo m\u00eas do ano anterior. Com isso, na contraposi\u00e7\u00e3o anual ocorreu a quarta retra\u00e7\u00e3o seguida do indicador. O mesmo fen\u00f4meno pode ser visto [&hellip;]<\/p>\n","protected":false},"author":1,"featured_media":14943,"comment_status":"closed","ping_status":"open","sticky":false,"template":"","format":"standard","meta":{"tdm_status":"","tdm_grid_status":"","footnotes":""},"categories":[153],"tags":[199,632,620,158,665,1319,200,75],"class_list":["post-14940","post","type-post","status-publish","format-standard","has-post-thumbnail","hentry","category-noticias","tag-comercio","tag-estudo-setorial","tag-levantamento","tag-material-de-construcao","tag-pesquisa-mensal-do-comercio","tag-pmc-ibge","tag-varejo","tag-vendas"],"amp_enabled":true,"_links":{"self":[{"href":"https:\/\/sincomavi.org.br\/index.php?rest_route=\/wp\/v2\/posts\/14940","targetHints":{"allow":["GET"]}}],"collection":[{"href":"https:\/\/sincomavi.org.br\/index.php?rest_route=\/wp\/v2\/posts"}],"about":[{"href":"https:\/\/sincomavi.org.br\/index.php?rest_route=\/wp\/v2\/types\/post"}],"author":[{"embeddable":true,"href":"https:\/\/sincomavi.org.br\/index.php?rest_route=\/wp\/v2\/users\/1"}],"replies":[{"embeddable":true,"href":"https:\/\/sincomavi.org.br\/index.php?rest_route=%2Fwp%2Fv2%2Fcomments&post=14940"}],"version-history":[{"count":1,"href":"https:\/\/sincomavi.org.br\/index.php?rest_route=\/wp\/v2\/posts\/14940\/revisions"}],"predecessor-version":[{"id":14944,"href":"https:\/\/sincomavi.org.br\/index.php?rest_route=\/wp\/v2\/posts\/14940\/revisions\/14944"}],"wp:featuredmedia":[{"embeddable":true,"href":"https:\/\/sincomavi.org.br\/index.php?rest_route=\/wp\/v2\/media\/14943"}],"wp:attachment":[{"href":"https:\/\/sincomavi.org.br\/index.php?rest_route=%2Fwp%2Fv2%2Fmedia&parent=14940"}],"wp:term":[{"taxonomy":"category","embeddable":true,"href":"https:\/\/sincomavi.org.br\/index.php?rest_route=%2Fwp%2Fv2%2Fcategories&post=14940"},{"taxonomy":"post_tag","embeddable":true,"href":"https:\/\/sincomavi.org.br\/index.php?rest_route=%2Fwp%2Fv2%2Ftags&post=14940"}],"curies":[{"name":"wp","href":"https:\/\/api.w.org\/{rel}","templated":true}]}}