{"id":14937,"date":"2025-11-17T08:31:00","date_gmt":"2025-11-17T11:31:00","guid":{"rendered":"https:\/\/sincomavi.org.br\/?p=14937"},"modified":"2025-11-16T17:37:01","modified_gmt":"2025-11-16T20:37:01","slug":"assinada-a-cct-franco-da-rocha-e-regiao-2025-2026","status":"publish","type":"post","link":"https:\/\/sincomavi.org.br\/?p=14937","title":{"rendered":"Assinada a CCT Franco da Rocha e Regi\u00e3o 2025\/2026"},"content":{"rendered":"\n<hr class=\"wp-block-separator has-alpha-channel-opacity\"\/>\n\n\n<div class=\"wp-block-post-date\"><time datetime=\"2025-11-17T08:31:00-03:00\">17 de novembro de 2025<\/time><\/div>\n\n\n<p>O Sincomavi firmou a Conven\u00e7\u00e3o Coletiva de Trabalho 2025\/2026 com o Sindicato dos Empregados no Com\u00e9rcio de Franco da Rocha e Regi\u00e3o.<\/p>\n\n\n\n<p>As empresas devem ficar atentas \u00e0s novidades e altera\u00e7\u00f5es importantes. Confira, na \u00edntegra, os pontos destacados pelo Departamento Jur\u00eddico:<\/p>\n\n\n\n<p>\u2022 Sal\u00e1rios de admiss\u00e3o<br>\u2022 Reajustamento<br>\u2022 Reajustamento dos empregados admitidos entre 01\/10\/24 at\u00e9 30\/09\/25<br>\u2022 Indeniza\u00e7\u00e3o de quebra de caixa<br>\u2022 Trabalho aos domingos<br>\u2022 Trabalho em feriados<br>\u2022 Trabalho no dia primeiro de maio<br>\u2022 Contribui\u00e7\u00e3o Assistencial dos Empregados<br>\u2022 Contribui\u00e7\u00e3o Patronal<br>\u2022 Multa<\/p>\n\n\n\n<p>O Departamento Jur\u00eddico do Sincomavi est\u00e1 \u00e0 disposi\u00e7\u00e3o para orientar e esclarecer qualquer d\u00favida.<\/p>\n\n\n\n<p>Mantenha sua empresa protegida e em conformidade.<\/p>\n\n\n\n<h3 class=\"wp-block-heading has-text-align-center\">Telefone (11) 3488-8200 | sincomavi@sincomavi.org.br<\/h3>\n\n\n\n<hr class=\"wp-block-separator has-alpha-channel-opacity\"\/>\n","protected":false},"excerpt":{"rendered":"<p>O Sincomavi firmou a Conven\u00e7\u00e3o Coletiva de Trabalho 2025\/2026 com o Sindicato dos Empregados no Com\u00e9rcio de Franco da Rocha e Regi\u00e3o. As empresas devem ficar atentas \u00e0s novidades e altera\u00e7\u00f5es importantes. Confira, na \u00edntegra, os pontos destacados pelo Departamento Jur\u00eddico: \u2022 Sal\u00e1rios de admiss\u00e3o\u2022 Reajustamento\u2022 Reajustamento dos empregados admitidos entre 01\/10\/24 at\u00e9 30\/09\/25\u2022 Indeniza\u00e7\u00e3o [&hellip;]<\/p>\n","protected":false},"author":1,"featured_media":14938,"comment_status":"closed","ping_status":"open","sticky":false,"template":"","format":"standard","meta":{"tdm_status":"","tdm_grid_status":"","footnotes":""},"categories":[157],"tags":[199,192,842,200],"class_list":["post-14937","post","type-post","status-publish","format-standard","has-post-thumbnail","hentry","category-alerta","tag-comercio","tag-convencao-coletiva-de-trabalho","tag-franco-da-rocha-e-regiao","tag-varejo"],"amp_enabled":true,"_links":{"self":[{"href":"https:\/\/sincomavi.org.br\/index.php?rest_route=\/wp\/v2\/posts\/14937","targetHints":{"allow":["GET"]}}],"collection":[{"href":"https:\/\/sincomavi.org.br\/index.php?rest_route=\/wp\/v2\/posts"}],"about":[{"href":"https:\/\/sincomavi.org.br\/index.php?rest_route=\/wp\/v2\/types\/post"}],"author":[{"embeddable":true,"href":"https:\/\/sincomavi.org.br\/index.php?rest_route=\/wp\/v2\/users\/1"}],"replies":[{"embeddable":true,"href":"https:\/\/sincomavi.org.br\/index.php?rest_route=%2Fwp%2Fv2%2Fcomments&post=14937"}],"version-history":[{"count":1,"href":"https:\/\/sincomavi.org.br\/index.php?rest_route=\/wp\/v2\/posts\/14937\/revisions"}],"predecessor-version":[{"id":14939,"href":"https:\/\/sincomavi.org.br\/index.php?rest_route=\/wp\/v2\/posts\/14937\/revisions\/14939"}],"wp:featuredmedia":[{"embeddable":true,"href":"https:\/\/sincomavi.org.br\/index.php?rest_route=\/wp\/v2\/media\/14938"}],"wp:attachment":[{"href":"https:\/\/sincomavi.org.br\/index.php?rest_route=%2Fwp%2Fv2%2Fmedia&parent=14937"}],"wp:term":[{"taxonomy":"category","embeddable":true,"href":"https:\/\/sincomavi.org.br\/index.php?rest_route=%2Fwp%2Fv2%2Fcategories&post=14937"},{"taxonomy":"post_tag","embeddable":true,"href":"https:\/\/sincomavi.org.br\/index.php?rest_route=%2Fwp%2Fv2%2Ftags&post=14937"}],"curies":[{"name":"wp","href":"https:\/\/api.w.org\/{rel}","templated":true}]}}