{"id":14916,"date":"2025-11-13T09:15:00","date_gmt":"2025-11-13T12:15:00","guid":{"rendered":"https:\/\/sincomavi.org.br\/?p=14916"},"modified":"2025-11-13T08:40:55","modified_gmt":"2025-11-13T11:40:55","slug":"varejo-registra-leve-avanco-em-outubro-mas-matcons-e-sp-seguem-em-queda","status":"publish","type":"post","link":"https:\/\/sincomavi.org.br\/?p=14916","title":{"rendered":"Varejo registra leve avan\u00e7o em outubro, mas matcons e SP seguem em queda"},"content":{"rendered":"\n<hr class=\"wp-block-separator has-alpha-channel-opacity\"\/>\n\n\n<div class=\"wp-block-post-date\"><time datetime=\"2025-11-13T09:15:00-03:00\">13 de novembro de 2025<\/time><\/div>\n\n\n<p>As vendas do com\u00e9rcio nacional cresceram 0,4% em outubro, segundo o \u00cdndice do Varejo Stone (IVS). Na compara\u00e7\u00e3o anual, o setor acumulou retra\u00e7\u00e3o de 1,5%, mantendo o ritmo moderado observado ao longo de 2025. O desempenho segue condicionado por um mercado de trabalho aquecido, mas limitado pelo endividamento elevado das fam\u00edlias e por uma infla\u00e7\u00e3o ainda resistente.<\/p>\n\n\n\n<p>O economista Guilherme Freitas afirma que o cen\u00e1rio indica continuidade da perda de f\u00f4lego do varejo. Segundo ele, \u201co setor mostra resili\u00eancia, mas ainda abaixo do patamar observado em 2024\u201d.<\/p>\n\n\n\n<h3 class=\"wp-block-heading\">Material de constru\u00e7\u00e3o recua<\/h3>\n\n\n\n<p>Entre os oito segmentos acompanhados pelo IVS, cinco cresceram no m\u00eas. O destaque foi Tecidos, Vestu\u00e1rio e Cal\u00e7ados (1,2%), seguido por Outros Artigos de Uso Pessoal e Dom\u00e9stico (1,1%). Do lado negativo, Material de Constru\u00e7\u00e3o registrou queda de 0,4% em outubro. No comparativo anual, o recuo chega a 1,7%.<\/p>\n\n\n\n<p>O desempenho reflete o ambiente econ\u00f4mico mais restritivo para reformas e investimentos dom\u00e9sticos, setor sens\u00edvel ao cr\u00e9dito e ao or\u00e7amento das fam\u00edlias. Para os varejistas de materiais de constru\u00e7\u00e3o, o resultado de outubro confirma a tend\u00eancia de oscila\u00e7\u00e3o ao longo do ano.<\/p>\n\n\n\n<h3 class=\"wp-block-heading\">S\u00e3o Paulo tem retra\u00e7\u00e3o de 1,4%<\/h3>\n\n\n\n<p>No recorte regional, apenas seis estados avan\u00e7aram na compara\u00e7\u00e3o anual, com Amap\u00e1 (4,2%) e Esp\u00edrito Santo (2,7%) na lideran\u00e7a. A maior parte do pa\u00eds apresentou queda, incluindo S\u00e3o Paulo, onde as vendas diminu\u00edram 1,4%.<\/p>\n\n\n\n<p>O resultado paulista acompanha o comportamento observado no Sudeste, regi\u00e3o em que somente o Esp\u00edrito Santo registrou crescimento. Guilherme destaca que \u201co consumo permanece desigual entre as regi\u00f5es do pa\u00eds\u201d e afirma que a recupera\u00e7\u00e3o ainda depende da redu\u00e7\u00e3o do comprometimento da renda das fam\u00edlias e de um ambiente macroecon\u00f4mico mais favor\u00e1vel.<\/p>\n\n\n\n<hr class=\"wp-block-separator has-alpha-channel-opacity\"\/>\n","protected":false},"excerpt":{"rendered":"<p>As vendas do com\u00e9rcio nacional cresceram 0,4% em outubro, segundo o \u00cdndice do Varejo Stone (IVS). Na compara\u00e7\u00e3o anual, o setor acumulou retra\u00e7\u00e3o de 1,5%, mantendo o ritmo moderado observado ao longo de 2025. O desempenho segue condicionado por um mercado de trabalho aquecido, mas limitado pelo endividamento elevado das fam\u00edlias e por uma infla\u00e7\u00e3o [&hellip;]<\/p>\n","protected":false},"author":1,"featured_media":14917,"comment_status":"closed","ping_status":"open","sticky":false,"template":"","format":"standard","meta":{"tdm_status":"","tdm_grid_status":"","footnotes":""},"categories":[153],"tags":[199,156,620,158,160,200,75],"class_list":["post-14916","post","type-post","status-publish","format-standard","has-post-thumbnail","hentry","category-noticias","tag-comercio","tag-economia","tag-levantamento","tag-material-de-construcao","tag-pesquisa","tag-varejo","tag-vendas"],"amp_enabled":true,"_links":{"self":[{"href":"https:\/\/sincomavi.org.br\/index.php?rest_route=\/wp\/v2\/posts\/14916","targetHints":{"allow":["GET"]}}],"collection":[{"href":"https:\/\/sincomavi.org.br\/index.php?rest_route=\/wp\/v2\/posts"}],"about":[{"href":"https:\/\/sincomavi.org.br\/index.php?rest_route=\/wp\/v2\/types\/post"}],"author":[{"embeddable":true,"href":"https:\/\/sincomavi.org.br\/index.php?rest_route=\/wp\/v2\/users\/1"}],"replies":[{"embeddable":true,"href":"https:\/\/sincomavi.org.br\/index.php?rest_route=%2Fwp%2Fv2%2Fcomments&post=14916"}],"version-history":[{"count":1,"href":"https:\/\/sincomavi.org.br\/index.php?rest_route=\/wp\/v2\/posts\/14916\/revisions"}],"predecessor-version":[{"id":14918,"href":"https:\/\/sincomavi.org.br\/index.php?rest_route=\/wp\/v2\/posts\/14916\/revisions\/14918"}],"wp:featuredmedia":[{"embeddable":true,"href":"https:\/\/sincomavi.org.br\/index.php?rest_route=\/wp\/v2\/media\/14917"}],"wp:attachment":[{"href":"https:\/\/sincomavi.org.br\/index.php?rest_route=%2Fwp%2Fv2%2Fmedia&parent=14916"}],"wp:term":[{"taxonomy":"category","embeddable":true,"href":"https:\/\/sincomavi.org.br\/index.php?rest_route=%2Fwp%2Fv2%2Fcategories&post=14916"},{"taxonomy":"post_tag","embeddable":true,"href":"https:\/\/sincomavi.org.br\/index.php?rest_route=%2Fwp%2Fv2%2Ftags&post=14916"}],"curies":[{"name":"wp","href":"https:\/\/api.w.org\/{rel}","templated":true}]}}