{"id":14886,"date":"2025-11-10T09:20:00","date_gmt":"2025-11-10T12:20:00","guid":{"rendered":"https:\/\/sincomavi.org.br\/?p=14886"},"modified":"2025-11-10T08:22:57","modified_gmt":"2025-11-10T11:22:57","slug":"alem-dos-limites-o-desafio-de-evoluir-continuamente","status":"publish","type":"post","link":"https:\/\/sincomavi.org.br\/?p=14886","title":{"rendered":"Al\u00e9m dos limites: o desafio de evoluir continuamente"},"content":{"rendered":"\n<hr class=\"wp-block-separator has-alpha-channel-opacity\"\/>\n\n\n<div class=\"wp-block-post-date\"><time datetime=\"2025-11-10T09:20:00-03:00\">10 de novembro de 2025<\/time><\/div>\n\n\n<p><strong>Por Roberto Vilela, consultor empresarial, escritor e palestrante<\/strong>.<\/p>\n\n\n\n<p>Para evoluir \u00e9 preciso coragem, atitude e dedica\u00e7\u00e3o. Dificilmente alcan\u00e7amos resultados melhores sem transformar comportamentos ou colocar mais energia no processo. Respeitar os pr\u00f3prios limites \u00e9 importante, mas n\u00e3o podemos permitir que eles se tornem barreiras que nos impe\u00e7am de crescer. O ponto central est\u00e1 na percep\u00e7\u00e3o dos limites e em como lidamos com eles.<\/p>\n\n\n\n<p>Entender at\u00e9 onde conseguimos ir \u00e9 essencial, mas compreender o que precisamos mudar para ir al\u00e9m \u00e9 o que realmente impulsiona o desenvolvimento. Essa percep\u00e7\u00e3o passa por um exerc\u00edcio de autocr\u00edtica, que nos permite identificar o que precisa ser ajustado para avan\u00e7ar. Muitas vezes, o que nos trouxe at\u00e9 o patamar atual foi suficiente, mas para chegar ao pr\u00f3ximo n\u00edvel ser\u00e1 necess\u00e1rio agir de maneira diferente, buscar novos aprendizados e colocar mais intensidade nas atitudes.<\/p>\n\n\n\n<p>O problema \u00e9 que nem sempre estamos dispostos a isso. \u00c9 comum querer resultados melhores mantendo as mesmas a\u00e7\u00f5es e o mesmo ritmo. S\u00f3 que a evolu\u00e7\u00e3o exige algo a mais. O que antes bastava, amanh\u00e3 pode ser o m\u00ednimo necess\u00e1rio. Esse racioc\u00ednio vale tanto para profissionais quanto para empresas, afinal, num mundo em que a competitividade \u00e9 cada vez mais acirrada, crescer sem mudar \u00e9 praticamente imposs\u00edvel.<\/p>\n\n\n\n<p>H\u00e1 ainda o desafio do desconforto. Fazer o que \u00e9 necess\u00e1rio quando a tend\u00eancia \u00e9 relaxar \u00e9 o que separa quem avan\u00e7a de quem estagna. A chamada \u201czona de conforto\u201d pode parecer um lugar seguro, mas \u00e9 tamb\u00e9m onde muitas trajet\u00f3rias param de evoluir. Chegar a um bom n\u00edvel na carreira n\u00e3o significa parar; significa entender que, para continuar crescendo, ser\u00e1 preciso novamente colocar energia, tempo e esfor\u00e7o.<\/p>\n\n\n\n<p>Tamb\u00e9m \u00e9 importante reconhecer que n\u00e3o h\u00e1 problema algum em permanecer no mesmo n\u00edvel, desde que essa seja uma decis\u00e3o consciente. O que n\u00e3o d\u00e1 \u00e9 querer subir de patamar sem fazer nada para isso acontecer. Essa incoer\u00eancia gera frustra\u00e7\u00e3o e acaba corroendo a motiva\u00e7\u00e3o de quem deseja mais, mas n\u00e3o est\u00e1 disposto a pagar o pre\u00e7o da mudan\u00e7a.<\/p>\n\n\n\n<p>Ir al\u00e9m \u00e9, antes de tudo, um exerc\u00edcio de autoconhecimento e disciplina. \u00c9 olhar para dentro, reconhecer o que precisa ser aprimorado e agir com consist\u00eancia. A evolu\u00e7\u00e3o n\u00e3o acontece por acaso: ela \u00e9 resultado direto de escolhas e atitudes. Cada nova etapa da carreira exige mais de n\u00f3s \u2014 mais preparo, mais consci\u00eancia e mais compromisso com o pr\u00f3prio crescimento.<\/p>\n\n\n\n<p>No fim das contas, ir al\u00e9m dos limites n\u00e3o significa apenas alcan\u00e7ar novos lugares. Significa tornar-se algu\u00e9m melhor no caminho. E essa, sem d\u00favidas, \u00e9 a conquista mais valiosa de todas.<\/p>\n\n\n\n<hr class=\"wp-block-separator has-alpha-channel-opacity\"\/>\n","protected":false},"excerpt":{"rendered":"<p>Por Roberto Vilela, consultor empresarial, escritor e palestrante. Para evoluir \u00e9 preciso coragem, atitude e dedica\u00e7\u00e3o. Dificilmente alcan\u00e7amos resultados melhores sem transformar comportamentos ou colocar mais energia no processo. Respeitar os pr\u00f3prios limites \u00e9 importante, mas n\u00e3o podemos permitir que eles se tornem barreiras que nos impe\u00e7am de crescer. O ponto central est\u00e1 na percep\u00e7\u00e3o [&hellip;]<\/p>\n","protected":false},"author":1,"featured_media":14887,"comment_status":"closed","ping_status":"open","sticky":false,"template":"","format":"standard","meta":{"tdm_status":"","tdm_grid_status":"","footnotes":""},"categories":[210],"tags":[1472,1471,32],"class_list":["post-14886","post","type-post","status-publish","format-standard","has-post-thumbnail","hentry","category-artigos","tag-desenvolvimento-pessoal","tag-desenvolvimento-profissional","tag-gestao"],"amp_enabled":true,"_links":{"self":[{"href":"https:\/\/sincomavi.org.br\/index.php?rest_route=\/wp\/v2\/posts\/14886","targetHints":{"allow":["GET"]}}],"collection":[{"href":"https:\/\/sincomavi.org.br\/index.php?rest_route=\/wp\/v2\/posts"}],"about":[{"href":"https:\/\/sincomavi.org.br\/index.php?rest_route=\/wp\/v2\/types\/post"}],"author":[{"embeddable":true,"href":"https:\/\/sincomavi.org.br\/index.php?rest_route=\/wp\/v2\/users\/1"}],"replies":[{"embeddable":true,"href":"https:\/\/sincomavi.org.br\/index.php?rest_route=%2Fwp%2Fv2%2Fcomments&post=14886"}],"version-history":[{"count":1,"href":"https:\/\/sincomavi.org.br\/index.php?rest_route=\/wp\/v2\/posts\/14886\/revisions"}],"predecessor-version":[{"id":14888,"href":"https:\/\/sincomavi.org.br\/index.php?rest_route=\/wp\/v2\/posts\/14886\/revisions\/14888"}],"wp:featuredmedia":[{"embeddable":true,"href":"https:\/\/sincomavi.org.br\/index.php?rest_route=\/wp\/v2\/media\/14887"}],"wp:attachment":[{"href":"https:\/\/sincomavi.org.br\/index.php?rest_route=%2Fwp%2Fv2%2Fmedia&parent=14886"}],"wp:term":[{"taxonomy":"category","embeddable":true,"href":"https:\/\/sincomavi.org.br\/index.php?rest_route=%2Fwp%2Fv2%2Fcategories&post=14886"},{"taxonomy":"post_tag","embeddable":true,"href":"https:\/\/sincomavi.org.br\/index.php?rest_route=%2Fwp%2Fv2%2Ftags&post=14886"}],"curies":[{"name":"wp","href":"https:\/\/api.w.org\/{rel}","templated":true}]}}