{"id":14877,"date":"2025-11-07T10:32:31","date_gmt":"2025-11-07T13:32:31","guid":{"rendered":"https:\/\/sincomavi.org.br\/?p=14877"},"modified":"2025-11-07T10:32:51","modified_gmt":"2025-11-07T13:32:51","slug":"conta-de-luz-eleva-custo-de-vida-das-familias-paulistanas-em-setembro","status":"publish","type":"post","link":"https:\/\/sincomavi.org.br\/?p=14877","title":{"rendered":"Conta de luz eleva custo de vida das fam\u00edlias paulistanas em setembro"},"content":{"rendered":"\n<hr class=\"wp-block-separator has-alpha-channel-opacity\"\/>\n\n\n<div class=\"wp-block-post-date\"><time datetime=\"2025-11-07T10:32:31-03:00\">7 de novembro de 2025<\/time><\/div>\n\n\n<p>Dados coletados pela FecomercioSP junto ao Instituto Brasileiro de Geografia e Estat\u00edstica (IBGE) mostram que o custo de vida na Regi\u00e3o Metropolitana de S\u00e3o Paulo (RMSP) apresentou alta de 0,39% em setembro. O aumento foi influenciado principalmente pelo reajuste da tarifa de energia el\u00e9trica, que voltou ao valor normal ap\u00f3s o fim do b\u00f4nus de Itaipu. Apesar disso, a Entidade destaca que o cen\u00e1rio geral \u00e9 positivo, com tend\u00eancia de desacelera\u00e7\u00e3o dos pre\u00e7os.<\/p>\n\n\n\n<p class=\"has-text-align-center\"><strong>Custo de vida na Regi\u00e3o Metropolitana de S\u00e3o Paulo (CVCS)<\/strong><br><em>S\u00e9rie hist\u00f3rica \u2014 setembro de 2025<\/em><\/p>\n\n\n<style>.kb-image14877_57988e-17 .kb-image-has-overlay:after{opacity:0.3;}<\/style>\n<div class=\"wp-block-kadence-image kb-image14877_57988e-17\"><figure class=\"aligncenter size-full\"><img loading=\"lazy\" decoding=\"async\" width=\"758\" height=\"342\" src=\"https:\/\/sincomavi.org.br\/wp-content\/uploads\/2025\/11\/cus.png\" alt=\"\" class=\"kb-img wp-image-14878\" srcset=\"https:\/\/sincomavi.org.br\/wp-content\/uploads\/2025\/11\/cus.png 758w, https:\/\/sincomavi.org.br\/wp-content\/uploads\/2025\/11\/cus-300x135.png 300w, https:\/\/sincomavi.org.br\/wp-content\/uploads\/2025\/11\/cus-640x289.png 640w, https:\/\/sincomavi.org.br\/wp-content\/uploads\/2025\/11\/cus-681x307.png 681w\" sizes=\"auto, (max-width: 758px) 100vw, 758px\" \/><\/figure><\/div>\n\n\n\n<p class=\"has-text-align-right\"><strong>Fonte:\u00a0IBGE\/FecomercioSP<\/strong><\/p>\n\n\n\n<p>O grupo de habita\u00e7\u00e3o foi o principal respons\u00e1vel pela press\u00e3o inflacion\u00e1ria, registrando eleva\u00e7\u00e3o de 2,47% no m\u00eas. O aumento de 10,6% na conta de luz impactou diretamente as fam\u00edlias de menor renda, para as quais o gasto com energia tem maior peso no or\u00e7amento dom\u00e9stico. Nas classes D e E, o custo de vida subiu 0,58% e 0,64%, respectivamente, enquanto nas classes A e B as varia\u00e7\u00f5es ficaram entre 0,23% e 0,40%.<\/p>\n\n\n\n<p>No acumulado de 12 meses, o \u00edndice registra alta de 5,79%, refletindo desacelera\u00e7\u00e3o frente a per\u00edodos anteriores. As classes de menor poder aquisitivo continuam mais expostas, com varia\u00e7\u00f5es de 6,56% na classe E e 6,38% na classe D. Em contrapartida, o grupo de transportes apresentou retra\u00e7\u00e3o de 0,20% no m\u00eas, ajudando a conter a alta geral, impulsionado pela queda nos pre\u00e7os do seguro de ve\u00edculos, passagens a\u00e9reas e transporte interestadual por \u00f4nibus.<\/p>\n\n\n\n<p>A FecomercioSP observa ainda que a tend\u00eancia \u00e9 de estabilidade nos pr\u00f3ximos meses, diante da expectativa de normaliza\u00e7\u00e3o dos pre\u00e7os de energia e recuo em alimentos e bebidas. Esse cen\u00e1rio pode aliviar o or\u00e7amento das fam\u00edlias e contribuir para o avan\u00e7o gradual do consumo na regi\u00e3o.<\/p>\n\n\n\n<hr class=\"wp-block-separator has-alpha-channel-opacity\"\/>\n","protected":false},"excerpt":{"rendered":"<p>Dados coletados pela FecomercioSP junto ao Instituto Brasileiro de Geografia e Estat\u00edstica (IBGE) mostram que o custo de vida na Regi\u00e3o Metropolitana de S\u00e3o Paulo (RMSP) apresentou alta de 0,39% em setembro. O aumento foi influenciado principalmente pelo reajuste da tarifa de energia el\u00e9trica, que voltou ao valor normal ap\u00f3s o fim do b\u00f4nus de [&hellip;]<\/p>\n","protected":false},"author":1,"featured_media":14879,"comment_status":"closed","ping_status":"open","sticky":false,"template":"","format":"standard","meta":{"tdm_status":"","tdm_grid_status":"","footnotes":""},"categories":[153],"tags":[1515,1570],"class_list":["post-14877","post","type-post","status-publish","format-standard","has-post-thumbnail","hentry","category-noticias","tag-custo-de-vida","tag-inflacao-2"],"amp_enabled":true,"_links":{"self":[{"href":"https:\/\/sincomavi.org.br\/index.php?rest_route=\/wp\/v2\/posts\/14877","targetHints":{"allow":["GET"]}}],"collection":[{"href":"https:\/\/sincomavi.org.br\/index.php?rest_route=\/wp\/v2\/posts"}],"about":[{"href":"https:\/\/sincomavi.org.br\/index.php?rest_route=\/wp\/v2\/types\/post"}],"author":[{"embeddable":true,"href":"https:\/\/sincomavi.org.br\/index.php?rest_route=\/wp\/v2\/users\/1"}],"replies":[{"embeddable":true,"href":"https:\/\/sincomavi.org.br\/index.php?rest_route=%2Fwp%2Fv2%2Fcomments&post=14877"}],"version-history":[{"count":1,"href":"https:\/\/sincomavi.org.br\/index.php?rest_route=\/wp\/v2\/posts\/14877\/revisions"}],"predecessor-version":[{"id":14880,"href":"https:\/\/sincomavi.org.br\/index.php?rest_route=\/wp\/v2\/posts\/14877\/revisions\/14880"}],"wp:featuredmedia":[{"embeddable":true,"href":"https:\/\/sincomavi.org.br\/index.php?rest_route=\/wp\/v2\/media\/14879"}],"wp:attachment":[{"href":"https:\/\/sincomavi.org.br\/index.php?rest_route=%2Fwp%2Fv2%2Fmedia&parent=14877"}],"wp:term":[{"taxonomy":"category","embeddable":true,"href":"https:\/\/sincomavi.org.br\/index.php?rest_route=%2Fwp%2Fv2%2Fcategories&post=14877"},{"taxonomy":"post_tag","embeddable":true,"href":"https:\/\/sincomavi.org.br\/index.php?rest_route=%2Fwp%2Fv2%2Ftags&post=14877"}],"curies":[{"name":"wp","href":"https:\/\/api.w.org\/{rel}","templated":true}]}}