{"id":14834,"date":"2025-11-05T10:40:25","date_gmt":"2025-11-05T13:40:25","guid":{"rendered":"https:\/\/sincomavi.org.br\/?p=14834"},"modified":"2025-11-05T10:40:26","modified_gmt":"2025-11-05T13:40:26","slug":"convencoes-coletivas-de-trabalho-2025-2026-2","status":"publish","type":"post","link":"https:\/\/sincomavi.org.br\/?p=14834","title":{"rendered":"Conven\u00e7\u00f5es Coletivas de Trabalho 2025\/2026"},"content":{"rendered":"<div class=\"wp-block-post-date\"><time datetime=\"2025-11-05T10:40:25-03:00\">5 de novembro de 2025<\/time><\/div>\n\n\n<p><strong>&gt;&gt; Confira na rela\u00e7\u00e3o abaixo as CCTs firmadas para o per\u00edodo 2025\/2026.<\/strong><\/p>\n\n\n\n<p>Para ter acesso ao documento oficial, clique no bot\u00e3o e preencha todos os dados requeridos do formul\u00e1rio eletr\u00f4nico, incluindo o campo \u201cCategoria\/Ano\u201d, que define qual CCT ser\u00e1 enviada, considerando o per\u00edodo de validade correspondente.<\/p>\n\n\n\n<p class=\"has-text-align-center has-white-color has-vivid-red-background-color has-text-color has-background has-link-color wp-elements-b75ef32fd46b3961de2977c47faf8fec\"><strong>Aten\u00e7\u00e3o: para sua solicita\u00e7\u00e3o ser atendida, o formul\u00e1rio deve ser preenchido em todos os campos. Cadastros incompletos n\u00e3o ser\u00e3o considerados.<\/strong><\/p>\n\n\n\n<p>Vale lembrar que a mudan\u00e7a de processo tem como objetivo proporcionar mais seguran\u00e7a, organiza\u00e7\u00e3o e rastreabilidade no envio dos documentos. As informa\u00e7\u00f5es fornecidas ser\u00e3o utilizadas exclusivamente para fins de controle interno e para garantir que o conte\u00fado disponibilizado seja o mais adequado \u00e0 necessidade do solicitante.<\/p>\n\n\n\n<div class=\"wp-block-buttons is-content-justification-center is-layout-flex wp-container-core-buttons-is-layout-16018d1d wp-block-buttons-is-layout-flex\">\n<div class=\"wp-block-button\"><a class=\"wp-block-button__link wp-element-button\" href=\"https:\/\/docs.google.com\/forms\/d\/e\/1FAIpQLSdoqHjsi3QRk4GGdeP93ZeIz-gDd0mOsz89SrZ2DIHXSFlxtg\/viewform\" target=\"_blank\" rel=\"noreferrer noopener\">CLIQUE AQUI<\/a><\/div>\n<\/div>\n\n\n\n<ul class=\"wp-block-list\">\n<li><strong>Sindicato das Secret\u00e1rias e Secret\u00e1rios do Estado de S\u00e3o Paulo (SINSESP)<\/strong><\/li>\n\n\n\n<li><strong>Sindicato dos Trabalhadores em Empresas de Telecomunica\u00e7\u00e3o e Operadores de Mesas Telef\u00f4nicas no Estado de S\u00e3o Paulo (SINTETEL-SP)<\/strong><\/li>\n\n\n\n<li><strong>Sindicato dos Empregados Vendedores e Viajantes do Com\u00e9rcio no Estado de S\u00e3o Paulo<\/strong><\/li>\n\n\n\n<li><strong>Sindicato dos Administradores no Estado de S\u00e3o Paulo (SAESP)<\/strong><\/li>\n\n\n\n<li><strong>Sindicato dos Motoristas de Osasco e Regi\u00e3o (SIMTRATECOR)<\/strong><\/li>\n\n\n\n<li><strong>Sindicato dos Empregados no Com\u00e9rcio de Osasco e Regi\u00e3o<\/strong><\/li>\n\n\n\n<li><strong>Sindicato dos Comerci\u00e1rios de Suzano e Regi\u00e3o<\/strong><\/li>\n\n\n\n<li><strong>Sindicato dos Empregados no Com\u00e9rcio de Guarulhos<\/strong><\/li>\n<\/ul>\n\n\n\n<hr class=\"wp-block-separator has-alpha-channel-opacity\"\/>\n","protected":false},"excerpt":{"rendered":"<p>&gt;&gt; Confira na rela\u00e7\u00e3o abaixo as CCTs firmadas para o per\u00edodo 2025\/2026. Para ter acesso ao documento oficial, clique no bot\u00e3o e preencha todos os dados requeridos do formul\u00e1rio eletr\u00f4nico, incluindo o campo \u201cCategoria\/Ano\u201d, que define qual CCT ser\u00e1 enviada, considerando o per\u00edodo de validade correspondente. Aten\u00e7\u00e3o: para sua solicita\u00e7\u00e3o ser atendida, o formul\u00e1rio deve [&hellip;]<\/p>\n","protected":false},"author":1,"featured_media":14835,"comment_status":"closed","ping_status":"open","sticky":false,"template":"","format":"standard","meta":{"tdm_status":"","tdm_grid_status":"","footnotes":""},"categories":[157],"tags":[],"class_list":["post-14834","post","type-post","status-publish","format-standard","has-post-thumbnail","hentry","category-alerta"],"amp_enabled":true,"_links":{"self":[{"href":"https:\/\/sincomavi.org.br\/index.php?rest_route=\/wp\/v2\/posts\/14834","targetHints":{"allow":["GET"]}}],"collection":[{"href":"https:\/\/sincomavi.org.br\/index.php?rest_route=\/wp\/v2\/posts"}],"about":[{"href":"https:\/\/sincomavi.org.br\/index.php?rest_route=\/wp\/v2\/types\/post"}],"author":[{"embeddable":true,"href":"https:\/\/sincomavi.org.br\/index.php?rest_route=\/wp\/v2\/users\/1"}],"replies":[{"embeddable":true,"href":"https:\/\/sincomavi.org.br\/index.php?rest_route=%2Fwp%2Fv2%2Fcomments&post=14834"}],"version-history":[{"count":1,"href":"https:\/\/sincomavi.org.br\/index.php?rest_route=\/wp\/v2\/posts\/14834\/revisions"}],"predecessor-version":[{"id":14836,"href":"https:\/\/sincomavi.org.br\/index.php?rest_route=\/wp\/v2\/posts\/14834\/revisions\/14836"}],"wp:featuredmedia":[{"embeddable":true,"href":"https:\/\/sincomavi.org.br\/index.php?rest_route=\/wp\/v2\/media\/14835"}],"wp:attachment":[{"href":"https:\/\/sincomavi.org.br\/index.php?rest_route=%2Fwp%2Fv2%2Fmedia&parent=14834"}],"wp:term":[{"taxonomy":"category","embeddable":true,"href":"https:\/\/sincomavi.org.br\/index.php?rest_route=%2Fwp%2Fv2%2Fcategories&post=14834"},{"taxonomy":"post_tag","embeddable":true,"href":"https:\/\/sincomavi.org.br\/index.php?rest_route=%2Fwp%2Fv2%2Ftags&post=14834"}],"curies":[{"name":"wp","href":"https:\/\/api.w.org\/{rel}","templated":true}]}}