{"id":14798,"date":"2025-10-28T09:01:21","date_gmt":"2025-10-28T12:01:21","guid":{"rendered":"https:\/\/sincomavi.org.br\/?p=14798"},"modified":"2025-10-28T15:00:39","modified_gmt":"2025-10-28T18:00:39","slug":"sincomavi-firma-cct-com-sindicato-dos-comerciarios-de-osasco-e-regiao","status":"publish","type":"post","link":"https:\/\/sincomavi.org.br\/?p=14798","title":{"rendered":"Sincomavi firma CCT com Sindicato dos Comerci\u00e1rios de Osasco e Regi\u00e3o"},"content":{"rendered":"\n<hr class=\"wp-block-separator has-alpha-channel-opacity\"\/>\n\n\n<div class=\"wp-block-post-date\"><time datetime=\"2025-10-28T09:01:21-03:00\">28 de outubro de 2025<\/time><\/div>\n\n\n<p>O Sindicato do Com\u00e9rcio Varejista de Material de Constru\u00e7\u00e3o, Maquinismos, Ferragens, Tintas, Lou\u00e7as e Vidros da Grande S\u00e3o Paulo (Sincomavi) firmou a Conven\u00e7\u00e3o Coletiva de Trabalho (CCT) com o Sindicato dos Empregados no Com\u00e9rcio de Osasco e Regi\u00e3o, que abrange os munic\u00edpios de Osasco, Barueri, Carapicu\u00edba, Embu das Artes, Itapevi, Jandira e Tabo\u00e3o da Serra.<\/p>\n\n\n\n<p>A assinatura da Conven\u00e7\u00e3o representa mais um passo importante para garantir seguran\u00e7a jur\u00eddica e equil\u00edbrio nas rela\u00e7\u00f5es trabalhistas entre empresas e empregados do com\u00e9rcio varejista da regi\u00e3o. O documento define direitos, deveres e condi\u00e7\u00f5es de trabalho, assegurando a observ\u00e2ncia das normas coletivas estabelecidas para o setor.<\/p>\n\n\n\n<p>Os empres\u00e1rios interessados em receber a Conven\u00e7\u00e3o Coletiva de Trabalho podem entrar em contato com o Sincomavi pelo telefone (11) 3488-8200 ou pelo e-mail sincomavi@sincomavi.org.br. Tamb\u00e9m \u00e9 poss\u00edvel solicitar o envio do documento desejado clicando no bot\u00e3o abaixo, que direciona para o formul\u00e1rio eletr\u00f4nico de requisi\u00e7\u00e3o.<\/p>\n\n\n\n<div class=\"wp-block-buttons is-content-justification-center is-layout-flex wp-container-core-buttons-is-layout-16018d1d wp-block-buttons-is-layout-flex\">\n<div class=\"wp-block-button\"><a class=\"wp-block-button__link wp-element-button\" href=\"https:\/\/docs.google.com\/forms\/d\/e\/1FAIpQLSdoqHjsi3QRk4GGdeP93ZeIz-gDd0mOsz89SrZ2DIHXSFlxtg\/viewform\" target=\"_blank\" rel=\"noreferrer noopener\">SOLICITAR CONVEN\u00c7\u00c3O COLETIVA<\/a><\/div>\n<\/div>\n\n\n\n<hr class=\"wp-block-separator has-alpha-channel-opacity\"\/>\n","protected":false},"excerpt":{"rendered":"<p>O Sindicato do Com\u00e9rcio Varejista de Material de Constru\u00e7\u00e3o, Maquinismos, Ferragens, Tintas, Lou\u00e7as e Vidros da Grande S\u00e3o Paulo (Sincomavi) firmou a Conven\u00e7\u00e3o Coletiva de Trabalho (CCT) com o Sindicato dos Empregados no Com\u00e9rcio de Osasco e Regi\u00e3o, que abrange os munic\u00edpios de Osasco, Barueri, Carapicu\u00edba, Embu das Artes, Itapevi, Jandira e Tabo\u00e3o da Serra. [&hellip;]<\/p>\n","protected":false},"author":1,"featured_media":14799,"comment_status":"closed","ping_status":"open","sticky":false,"template":"","format":"standard","meta":{"tdm_status":"","tdm_grid_status":"","footnotes":""},"categories":[157],"tags":[539,199,192,605,200],"class_list":["post-14798","post","type-post","status-publish","format-standard","has-post-thumbnail","hentry","category-alerta","tag-comerciarios","tag-comercio","tag-convencao-coletiva-de-trabalho","tag-osasco-e-regiao","tag-varejo"],"amp_enabled":true,"_links":{"self":[{"href":"https:\/\/sincomavi.org.br\/index.php?rest_route=\/wp\/v2\/posts\/14798","targetHints":{"allow":["GET"]}}],"collection":[{"href":"https:\/\/sincomavi.org.br\/index.php?rest_route=\/wp\/v2\/posts"}],"about":[{"href":"https:\/\/sincomavi.org.br\/index.php?rest_route=\/wp\/v2\/types\/post"}],"author":[{"embeddable":true,"href":"https:\/\/sincomavi.org.br\/index.php?rest_route=\/wp\/v2\/users\/1"}],"replies":[{"embeddable":true,"href":"https:\/\/sincomavi.org.br\/index.php?rest_route=%2Fwp%2Fv2%2Fcomments&post=14798"}],"version-history":[{"count":2,"href":"https:\/\/sincomavi.org.br\/index.php?rest_route=\/wp\/v2\/posts\/14798\/revisions"}],"predecessor-version":[{"id":14803,"href":"https:\/\/sincomavi.org.br\/index.php?rest_route=\/wp\/v2\/posts\/14798\/revisions\/14803"}],"wp:featuredmedia":[{"embeddable":true,"href":"https:\/\/sincomavi.org.br\/index.php?rest_route=\/wp\/v2\/media\/14799"}],"wp:attachment":[{"href":"https:\/\/sincomavi.org.br\/index.php?rest_route=%2Fwp%2Fv2%2Fmedia&parent=14798"}],"wp:term":[{"taxonomy":"category","embeddable":true,"href":"https:\/\/sincomavi.org.br\/index.php?rest_route=%2Fwp%2Fv2%2Fcategories&post=14798"},{"taxonomy":"post_tag","embeddable":true,"href":"https:\/\/sincomavi.org.br\/index.php?rest_route=%2Fwp%2Fv2%2Ftags&post=14798"}],"curies":[{"name":"wp","href":"https:\/\/api.w.org\/{rel}","templated":true}]}}