{"id":14786,"date":"2025-10-27T10:42:00","date_gmt":"2025-10-27T13:42:00","guid":{"rendered":"https:\/\/sincomavi.org.br\/?p=14786"},"modified":"2025-10-27T10:16:42","modified_gmt":"2025-10-27T13:16:42","slug":"engajamento-e-retencao-novas-relacoes-de-trabalho-desafiam-empresas","status":"publish","type":"post","link":"https:\/\/sincomavi.org.br\/?p=14786","title":{"rendered":"Engajamento e reten\u00e7\u00e3o: novas rela\u00e7\u00f5es de trabalho desafiam empresas"},"content":{"rendered":"\n<hr class=\"wp-block-separator has-alpha-channel-opacity\"\/>\n\n\n<div class=\"wp-block-post-date\"><time datetime=\"2025-10-27T10:42:00-03:00\">27 de outubro de 2025<\/time><\/div>\n\n\n<p>As transforma\u00e7\u00f5es nas rela\u00e7\u00f5es de trabalho v\u00eam exigindo das empresas uma revis\u00e3o profunda de seus modelos de gest\u00e3o e lideran\u00e7a. Estudos recentes mostram que o engajamento e a perman\u00eancia de profissionais est\u00e3o cada vez mais ligados \u00e0 forma como as organiza\u00e7\u00f5es valorizam o ser humano \u2014 n\u00e3o apenas como for\u00e7a produtiva, mas como agente ativo na constru\u00e7\u00e3o de ambientes colaborativos e saud\u00e1veis.<\/p>\n\n\n\n<p>Levantamentos da consultoria Gallup apontam que o engajamento entre jovens da Gera\u00e7\u00e3o Z est\u00e1 em queda. Esses profissionais buscam reconhecimento aut\u00eantico, oportunidades de aprendizado e lideran\u00e7as mais emp\u00e1ticas. \u201cO novo perfil de trabalhador demanda ambientes de trabalho inclusivos, lideran\u00e7as emp\u00e1ticas e compromisso social real\u201d, explica Andr\u00e9 Purri, CEO da Alymente. Em sua opini\u00e3o, entender o que move a Gera\u00e7\u00e3o Z n\u00e3o \u00e9 mais uma quest\u00e3o de tend\u00eancia, mas de sobreviv\u00eancia no mercado.<\/p>\n\n\n\n<p>Outro estudo da Gallup, intitulado The Remote Work Paradox, mostra que o trabalho remoto trouxe ganhos de produtividade e autonomia, mas tamb\u00e9m aumentou o estresse e a sensa\u00e7\u00e3o de isolamento. O desafio das organiza\u00e7\u00f5es est\u00e1 em equilibrar desempenho e bem-estar. Para Rapha Coe, fundador e CEO da startup TutorMundi, o trabalho \u00e0 dist\u00e2ncia exige organiza\u00e7\u00e3o e processos: \u201cQuando a rotina \u00e9 bem estruturada e as pessoas entendem o prop\u00f3sito do que fazem, o engajamento acontece naturalmente\u201d.<\/p>\n\n\n\n<p>J\u00e1 Guilherme Spironelli, s\u00f3cio da EXEC, lembra que as mudan\u00e7as tamb\u00e9m devem passar pela ado\u00e7\u00e3o de uma nova forma de lideran\u00e7a \u2014 mais conectiva e integradora. De acordo com o relat\u00f3rio Tend\u00eancias de Gest\u00e3o de Pessoas, do Ecossistema Great People &amp; GPTW, mais da metade das empresas afirma ter dificuldade para lidar com diferentes gera\u00e7\u00f5es no mesmo ambiente. \u201cProfissionais capazes de criar pontes entre diferentes gera\u00e7\u00f5es e adaptar a comunica\u00e7\u00e3o ao perfil de cada equipe s\u00e3o essenciais para manter a produtividade e a inova\u00e7\u00e3o\u201d, ressalta.<\/p>\n\n\n\n<p>No entanto, nem todos os setores conseguem acompanhar essa evolu\u00e7\u00e3o no mesmo ritmo. O com\u00e9rcio varejista, por exemplo, enfrenta limita\u00e7\u00f5es estruturais que dificultam atender \u00e0s expectativas das novas gera\u00e7\u00f5es. A necessidade de presen\u00e7a f\u00edsica, o contato direto com o p\u00fablico e a execu\u00e7\u00e3o de tarefas que exigem esfor\u00e7o f\u00edsico tornam mais complexa a adapta\u00e7\u00e3o a modelos flex\u00edveis de trabalho. O desafio do setor est\u00e1 em encontrar formas de valorizar, capacitar e engajar seus profissionais dentro de um contexto que, por natureza, demanda comprometimento presencial e alta dedica\u00e7\u00e3o.<\/p>\n\n\n<style>.wp-block-kadence-iconlist.kt-svg-icon-list-items14786_3e6b93-d9:not(.this-stops-third-party-issues){margin-top:0px;margin-bottom:0px;}.wp-block-kadence-iconlist.kt-svg-icon-list-items14786_3e6b93-d9 ul.kt-svg-icon-list:not(.this-prevents-issues):not(.this-stops-third-party-issues):not(.tijsloc){margin-top:0px;margin-right:0px;margin-bottom:var(--global-kb-spacing-sm, 1.5rem);margin-left:0px;}.wp-block-kadence-iconlist.kt-svg-icon-list-items14786_3e6b93-d9 ul.kt-svg-icon-list{grid-row-gap:5px;}.wp-block-kadence-iconlist.kt-svg-icon-list-items14786_3e6b93-d9 ul.kt-svg-icon-list .kt-svg-icon-list-item-wrap .kt-svg-icon-list-single{margin-right:10px;}.kt-svg-icon-list-items14786_3e6b93-d9 ul.kt-svg-icon-list .kt-svg-icon-list-level-0 .kt-svg-icon-list-single svg{font-size:20px;}<\/style>\n<div class=\"wp-block-kadence-iconlist kt-svg-icon-list-items kt-svg-icon-list-items14786_3e6b93-d9 kt-svg-icon-list-columns-1 alignnone\"><ul class=\"kt-svg-icon-list\"><style>.kt-svg-icon-list-item-14786_482b7e-e0 .kt-svg-icon-list-single{font-size:52px !important;}.kt-svg-icon-list-item-14786_482b7e-e0 .kt-svg-icon-list-text mark.kt-highlight{background-color:unset;font-style:normal;color:#f76a0c;-webkit-box-decoration-break:clone;box-decoration-break:clone;padding-top:0px;padding-right:0px;padding-bottom:0px;padding-left:0px;}<\/style>\n<li class=\"wp-block-kadence-listitem kt-svg-icon-list-item-wrap kt-svg-icon-list-item-14786_482b7e-e0\"><span class=\"kb-svg-icon-wrap kb-svg-icon-fe_arrowDownCircle kt-svg-icon-list-single\"><svg viewBox=\"0 0 24 24\"  fill=\"none\" stroke=\"currentColor\" stroke-width=\"2\" stroke-linecap=\"round\" stroke-linejoin=\"round\" xmlns=\"http:\/\/www.w3.org\/2000\/svg\"  aria-hidden=\"true\"><circle cx=\"12\" cy=\"12\" r=\"10\"\/><polyline points=\"8 12 12 16 16 12\"\/><line x1=\"12\" y1=\"8\" x2=\"12\" y2=\"16\"\/><\/svg><\/span><span class=\"kt-svg-icon-list-text\">Aproveite para fazer o download do <a href=\"https:\/\/sincomavi.org.br\/?p=13970\"><strong>Guia Completo para Atrair, Contratar e Reter Talentos no Com\u00e9rcio Varejista<\/strong><\/a><br><\/span><\/li>\n<\/ul><\/div>\n\n\n\n<hr class=\"wp-block-separator has-alpha-channel-opacity\"\/>\n","protected":false},"excerpt":{"rendered":"<p>As transforma\u00e7\u00f5es nas rela\u00e7\u00f5es de trabalho v\u00eam exigindo das empresas uma revis\u00e3o profunda de seus modelos de gest\u00e3o e lideran\u00e7a. Estudos recentes mostram que o engajamento e a perman\u00eancia de profissionais est\u00e3o cada vez mais ligados \u00e0 forma como as organiza\u00e7\u00f5es valorizam o ser humano \u2014 n\u00e3o apenas como for\u00e7a produtiva, mas como agente ativo [&hellip;]<\/p>\n","protected":false},"author":1,"featured_media":14788,"comment_status":"closed","ping_status":"open","sticky":false,"template":"","format":"standard","meta":{"tdm_status":"","tdm_grid_status":"","footnotes":""},"categories":[153],"tags":[199,1660,1376,209,253,1385,1634,1362,200],"class_list":["post-14786","post","type-post","status-publish","format-standard","has-post-thumbnail","hentry","category-noticias","tag-comercio","tag-engaramento","tag-geracao-z","tag-lideranca","tag-recursos-humanos","tag-relacoes-de-trabalho","tag-retencao-de-talentos","tag-talentos","tag-varejo"],"amp_enabled":true,"_links":{"self":[{"href":"https:\/\/sincomavi.org.br\/index.php?rest_route=\/wp\/v2\/posts\/14786","targetHints":{"allow":["GET"]}}],"collection":[{"href":"https:\/\/sincomavi.org.br\/index.php?rest_route=\/wp\/v2\/posts"}],"about":[{"href":"https:\/\/sincomavi.org.br\/index.php?rest_route=\/wp\/v2\/types\/post"}],"author":[{"embeddable":true,"href":"https:\/\/sincomavi.org.br\/index.php?rest_route=\/wp\/v2\/users\/1"}],"replies":[{"embeddable":true,"href":"https:\/\/sincomavi.org.br\/index.php?rest_route=%2Fwp%2Fv2%2Fcomments&post=14786"}],"version-history":[{"count":2,"href":"https:\/\/sincomavi.org.br\/index.php?rest_route=\/wp\/v2\/posts\/14786\/revisions"}],"predecessor-version":[{"id":14789,"href":"https:\/\/sincomavi.org.br\/index.php?rest_route=\/wp\/v2\/posts\/14786\/revisions\/14789"}],"wp:featuredmedia":[{"embeddable":true,"href":"https:\/\/sincomavi.org.br\/index.php?rest_route=\/wp\/v2\/media\/14788"}],"wp:attachment":[{"href":"https:\/\/sincomavi.org.br\/index.php?rest_route=%2Fwp%2Fv2%2Fmedia&parent=14786"}],"wp:term":[{"taxonomy":"category","embeddable":true,"href":"https:\/\/sincomavi.org.br\/index.php?rest_route=%2Fwp%2Fv2%2Fcategories&post=14786"},{"taxonomy":"post_tag","embeddable":true,"href":"https:\/\/sincomavi.org.br\/index.php?rest_route=%2Fwp%2Fv2%2Ftags&post=14786"}],"curies":[{"name":"wp","href":"https:\/\/api.w.org\/{rel}","templated":true}]}}