{"id":14747,"date":"2025-10-21T10:19:55","date_gmt":"2025-10-21T13:19:55","guid":{"rendered":"https:\/\/sincomavi.org.br\/?p=14747"},"modified":"2025-10-21T10:20:44","modified_gmt":"2025-10-21T13:20:44","slug":"linha-de-credito-federal-para-reformas-trara-impactos-positivos-ao-varejo-de-matcons","status":"publish","type":"post","link":"https:\/\/sincomavi.org.br\/?p=14747","title":{"rendered":"Reforma: linha de cr\u00e9dito federal trar\u00e1 impactos positivos"},"content":{"rendered":"\n<hr class=\"wp-block-separator has-alpha-channel-opacity\"\/>\n\n\n<div class=\"wp-block-post-date\"><time datetime=\"2025-10-21T10:19:55-03:00\">21 de outubro de 2025<\/time><\/div>\n\n\n<p><strong>Por Jaime Vasconcellos, economista.<\/strong><\/p>\n\n\n\n<p>Foi lan\u00e7ado neste \u00faltimo dia 20 de outubro o programa federal \u201cReforma Casa Brasil\u201d, que destinar\u00e1 cr\u00e9dito para reformas residenciais no pa\u00eds. A medida, segundo o pr\u00f3prio governo, \u00e9 destinada \u201ca fam\u00edlias que j\u00e1 t\u00eam im\u00f3vel, mas enfrentam problemas estruturais ou de adequa\u00e7\u00e3o, como telhados danificados, pisos comprometidos, instala\u00e7\u00f5es el\u00e9tricas e hidr\u00e1ulicas prec\u00e1rias, falta de acessibilidade ou necessidade de amplia\u00e7\u00e3o\u201d. Neste sentido, impactos positivos para o setor varejista de material de constru\u00e7\u00e3o poder\u00e3o ser sentidos em breve, inclusive na Regi\u00e3o Metropolitana de S\u00e3o Paulo.<\/p>\n\n\n\n<p>O programa tem parceria com a Caixa Econ\u00f4mica Federal e disponibilizar\u00e1 R$30 bilh\u00f5es em recursos do Fundo Social para fam\u00edlias com rendimento de at\u00e9 R$9.600,00 e outros R$10 bilh\u00f5es do Sistema Brasileiro de Poupan\u00e7a e Empr\u00e9stimo (SBPE) aos que possuem renda acima de tal cifra. Os prazos de pagamento s\u00e3o de at\u00e9 60 meses, com juros mensais 1,17% para quem recebe at\u00e9 R$ 3.200 e 1,95% aos de renda entre R$ 3.200,01 e R$ 9.600. Acima deste \u00faltimo valor, os financiamentos ser\u00e3o a partir de R$ 30 mil, com prazo de pagamento at\u00e9 180 meses e taxas de acordo com o valor do cr\u00e9dito adquirido.&nbsp;<\/p>\n\n\n\n<p>\u00c9 importante dizer que o valor da presta\u00e7\u00e3o dos empr\u00e9stimos ser\u00e1 limitado a 25% da renda familiar, e cada benefici\u00e1rio s\u00f3 poder\u00e1 contratar um financiamento por vez. Al\u00e9m disso, o programa \u00e9 destinado a residentes em \u00e1reas urbanas, em capitais, munic\u00edpios com mais de 300 mil habitantes ou em arranjos populacionais acima deste n\u00famero, conforme dados do Instituto Brasileiro de Geografia e Estat\u00edstica (IBGE). Im\u00f3veis mistos tamb\u00e9m poder\u00e3o ser beneficiados.&nbsp;<\/p>\n\n\n\n<p>O cr\u00e9dito, que estar\u00e1 dispon\u00edvel pelo site ou app da Caixa a partir de 03 de novembro, poder\u00e1 ser usado na compra de materiais, contrata\u00e7\u00e3o de m\u00e3o de obra e servi\u00e7os t\u00e9cnicos, sendo poss\u00edvel gerar aumento na demanda por tintas, pisos, revestimentos, produtos el\u00e9tricos e hidr\u00e1ulicos, ferragens e demais itens utilizados em reformas e melhorias habitacionais.<\/p>\n\n\n\n<p>Para o varejo de material de constru\u00e7\u00e3o, portanto, a linha de cr\u00e9dito rec\u00e9m-criada representa uma oportunidade estrat\u00e9gica de expans\u00e3o, inova\u00e7\u00e3o e fortalecimento de mercado. Em um cen\u00e1rio de juros altos e consumo inst\u00e1vel, essa iniciativa p\u00fablica funciona como um catalisador capaz de ao menos aquecer em algum n\u00edvel a demanda e impulsionar as vendas do varejo em quest\u00e3o, em especial de pequenos e m\u00e9dios neg\u00f3cios.&nbsp;<\/p>\n\n\n\n<p><strong>Para acessar o conte\u00fado completo da\u00a0 Portaria 1.177\/2025, clique no bot\u00e3o abaixo.\u00a0<\/strong><\/p>\n\n\n\n<div class=\"wp-block-buttons is-content-justification-center is-layout-flex wp-container-core-buttons-is-layout-16018d1d wp-block-buttons-is-layout-flex\">\n<div class=\"wp-block-button\"><a class=\"wp-block-button__link wp-element-button\" href=\"https:\/\/www.in.gov.br\/en\/web\/dou\/-\/portaria-mcid-n-1.177-de-8-de-outubro-de-2025-661500532\">PORTARIA 1177\/2025<\/a><\/div>\n\n\n\n<div class=\"wp-block-button\"><a class=\"wp-block-button__link wp-element-button\" href=\"https:\/\/agenciagov.ebc.com.br\/noticias\/202510\/lula-lanca-programa-reforma-casa-brasil-com-credito-facilitado-assista\">MAIS INFORMA\u00c7\u00d5ES<\/a><\/div>\n<\/div>\n\n\n\n<hr class=\"wp-block-separator has-alpha-channel-opacity\"\/>\n","protected":false},"excerpt":{"rendered":"<p>Por Jaime Vasconcellos, economista. Foi lan\u00e7ado neste \u00faltimo dia 20 de outubro o programa federal \u201cReforma Casa Brasil\u201d, que destinar\u00e1 cr\u00e9dito para reformas residenciais no pa\u00eds. A medida, segundo o pr\u00f3prio governo, \u00e9 destinada \u201ca fam\u00edlias que j\u00e1 t\u00eam im\u00f3vel, mas enfrentam problemas estruturais ou de adequa\u00e7\u00e3o, como telhados danificados, pisos comprometidos, instala\u00e7\u00f5es el\u00e9tricas e [&hellip;]<\/p>\n","protected":false},"author":1,"featured_media":14748,"comment_status":"closed","ping_status":"open","sticky":false,"template":"","format":"standard","meta":{"tdm_status":"","tdm_grid_status":"","footnotes":""},"categories":[153],"tags":[199,250,156,1657,1651,200,75],"class_list":["post-14747","post","type-post","status-publish","format-standard","has-post-thumbnail","hentry","category-noticias","tag-comercio","tag-credito","tag-economia","tag-portaria-1177-2025","tag-reforma","tag-varejo","tag-vendas"],"amp_enabled":true,"_links":{"self":[{"href":"https:\/\/sincomavi.org.br\/index.php?rest_route=\/wp\/v2\/posts\/14747","targetHints":{"allow":["GET"]}}],"collection":[{"href":"https:\/\/sincomavi.org.br\/index.php?rest_route=\/wp\/v2\/posts"}],"about":[{"href":"https:\/\/sincomavi.org.br\/index.php?rest_route=\/wp\/v2\/types\/post"}],"author":[{"embeddable":true,"href":"https:\/\/sincomavi.org.br\/index.php?rest_route=\/wp\/v2\/users\/1"}],"replies":[{"embeddable":true,"href":"https:\/\/sincomavi.org.br\/index.php?rest_route=%2Fwp%2Fv2%2Fcomments&post=14747"}],"version-history":[{"count":2,"href":"https:\/\/sincomavi.org.br\/index.php?rest_route=\/wp\/v2\/posts\/14747\/revisions"}],"predecessor-version":[{"id":14750,"href":"https:\/\/sincomavi.org.br\/index.php?rest_route=\/wp\/v2\/posts\/14747\/revisions\/14750"}],"wp:featuredmedia":[{"embeddable":true,"href":"https:\/\/sincomavi.org.br\/index.php?rest_route=\/wp\/v2\/media\/14748"}],"wp:attachment":[{"href":"https:\/\/sincomavi.org.br\/index.php?rest_route=%2Fwp%2Fv2%2Fmedia&parent=14747"}],"wp:term":[{"taxonomy":"category","embeddable":true,"href":"https:\/\/sincomavi.org.br\/index.php?rest_route=%2Fwp%2Fv2%2Fcategories&post=14747"},{"taxonomy":"post_tag","embeddable":true,"href":"https:\/\/sincomavi.org.br\/index.php?rest_route=%2Fwp%2Fv2%2Ftags&post=14747"}],"curies":[{"name":"wp","href":"https:\/\/api.w.org\/{rel}","templated":true}]}}