{"id":14730,"date":"2025-10-20T11:09:18","date_gmt":"2025-10-20T14:09:18","guid":{"rendered":"https:\/\/sincomavi.org.br\/?p=14730"},"modified":"2025-10-20T11:09:19","modified_gmt":"2025-10-20T14:09:19","slug":"matcons-segue-em-retracao-e-contribui-para-queda-de-131-no-varejo-ampliado-em-outubro","status":"publish","type":"post","link":"https:\/\/sincomavi.org.br\/?p=14730","title":{"rendered":"Matcons segue em retra\u00e7\u00e3o e contribui para queda de 1,31% no varejo ampliado em outubro"},"content":{"rendered":"\n<hr class=\"wp-block-separator has-alpha-channel-opacity\"\/>\n\n\n<div class=\"wp-block-post-date\"><time datetime=\"2025-10-20T11:09:18-03:00\">20 de outubro de 2025<\/time><\/div>\n\n\n<p>O desempenho negativo do setor de materiais de constru\u00e7\u00e3o voltou a pesar sobre os resultados do varejo ampliado brasileiro, que deve registrar retra\u00e7\u00e3o de 1,31% em outubro de 2025, na compara\u00e7\u00e3o com o mesmo m\u00eas do ano anterior. A proje\u00e7\u00e3o consta de estudo divulgado pelo Instituto Brasileiro de Executivos de Varejo e Mercado de Consumo (IBEVAR), em parceria com a FIA Business School.<\/p>\n\n\n\n<p>De acordo com o levantamento, o varejo restrito \u2014 que desconsidera os segmentos de ve\u00edculos e materiais de constru\u00e7\u00e3o \u2014 deve apresentar leve crescimento de 0,36%, enquanto o varejo ampliado, que inclui esses setores, acumula queda de 0,38% no ano. A diferen\u00e7a de desempenho refor\u00e7a o impacto negativo que a constru\u00e7\u00e3o civil e o mercado automotivo v\u00eam exercendo sobre o conjunto do varejo.<\/p>\n\n\n\n<p>O segmento de materiais de constru\u00e7\u00e3o aparece entre os mais afetados pela conjuntura econ\u00f4mica, com retra\u00e7\u00e3o projetada de 5,58% em outubro. O resultado reflete o ambiente de juros ainda elevados, a restri\u00e7\u00e3o no cr\u00e9dito ao consumidor e a desacelera\u00e7\u00e3o das obras de pequeno e m\u00e9dio porte, fatores que t\u00eam limitado o consumo de insumos para reformas e manuten\u00e7\u00e3o residencial.<\/p>\n\n\n\n<p>Nuno Fouto, professor da FIA Business School e coordenador t\u00e9cnico da pesquisa, comenta que o quadro atual mostra uma quadros bastante diferentes entre setores do varejo. \u201cObservamos uma clara polariza\u00e7\u00e3o, com segmentos essenciais e de consumo recorrente mantendo resili\u00eancia, enquanto categorias dependentes de cr\u00e9dito, como materiais de constru\u00e7\u00e3o, enfrentam dificuldades estruturais\u201d, avalia.<\/p>\n\n\n\n<p>Enquanto o segmento de constru\u00e7\u00e3o apresenta retra\u00e7\u00e3o, outras \u00e1reas registram comportamento oposto. O setor de tecidos, vestu\u00e1rio e cal\u00e7ados deve crescer 8,52%, impulsionado pelas vendas sazonais de fim de ano. J\u00e1 artigos farmac\u00eauticos, m\u00e9dicos e de perfumaria mant\u00eam trajet\u00f3ria positiva, com avan\u00e7o de 2,60%, refor\u00e7ando a resili\u00eancia dos produtos ligados \u00e0 sa\u00fade e bem-estar.<\/p>\n\n\n\n<p>Para o presidente do IBEVAR e professor da FIA Business School, Claudio Felisoni, a tend\u00eancia \u00e9 de estabiliza\u00e7\u00e3o gradual at\u00e9 o fim do ano. \u201cOs dados sugerem que o consumidor segue seletivo, priorizando categorias essenciais e oportunidades sazonais, enquanto posterga investimentos de maior valor, como materiais de constru\u00e7\u00e3o e autom\u00f3veis\u201d, afirma.<\/p>\n\n\n\n<p>As proje\u00e7\u00f5es indicam que o varejo restrito deve encerrar dezembro com alta de 0,74% sobre 2024, ao passo que o varejo ampliado \u2014 influenciado pelos setores mais sens\u00edveis ao cr\u00e9dito \u2014 deve fechar o ano com queda de 2,08%, embora em trajet\u00f3ria de leve recupera\u00e7\u00e3o.<\/p>\n\n\n\n<hr class=\"wp-block-separator has-alpha-channel-opacity\"\/>\n","protected":false},"excerpt":{"rendered":"<p>O desempenho negativo do setor de materiais de constru\u00e7\u00e3o voltou a pesar sobre os resultados do varejo ampliado brasileiro, que deve registrar retra\u00e7\u00e3o de 1,31% em outubro de 2025, na compara\u00e7\u00e3o com o mesmo m\u00eas do ano anterior. A proje\u00e7\u00e3o consta de estudo divulgado pelo Instituto Brasileiro de Executivos de Varejo e Mercado de Consumo [&hellip;]<\/p>\n","protected":false},"author":1,"featured_media":14732,"comment_status":"closed","ping_status":"open","sticky":false,"template":"","format":"standard","meta":{"tdm_status":"","tdm_grid_status":"","footnotes":""},"categories":[153],"tags":[199,156,1499,1498,620,158,160,200,75],"class_list":["post-14730","post","type-post","status-publish","format-standard","has-post-thumbnail","hentry","category-noticias","tag-comercio","tag-economia","tag-fia","tag-ibevar","tag-levantamento","tag-material-de-construcao","tag-pesquisa","tag-varejo","tag-vendas"],"amp_enabled":true,"_links":{"self":[{"href":"https:\/\/sincomavi.org.br\/index.php?rest_route=\/wp\/v2\/posts\/14730","targetHints":{"allow":["GET"]}}],"collection":[{"href":"https:\/\/sincomavi.org.br\/index.php?rest_route=\/wp\/v2\/posts"}],"about":[{"href":"https:\/\/sincomavi.org.br\/index.php?rest_route=\/wp\/v2\/types\/post"}],"author":[{"embeddable":true,"href":"https:\/\/sincomavi.org.br\/index.php?rest_route=\/wp\/v2\/users\/1"}],"replies":[{"embeddable":true,"href":"https:\/\/sincomavi.org.br\/index.php?rest_route=%2Fwp%2Fv2%2Fcomments&post=14730"}],"version-history":[{"count":1,"href":"https:\/\/sincomavi.org.br\/index.php?rest_route=\/wp\/v2\/posts\/14730\/revisions"}],"predecessor-version":[{"id":14733,"href":"https:\/\/sincomavi.org.br\/index.php?rest_route=\/wp\/v2\/posts\/14730\/revisions\/14733"}],"wp:featuredmedia":[{"embeddable":true,"href":"https:\/\/sincomavi.org.br\/index.php?rest_route=\/wp\/v2\/media\/14732"}],"wp:attachment":[{"href":"https:\/\/sincomavi.org.br\/index.php?rest_route=%2Fwp%2Fv2%2Fmedia&parent=14730"}],"wp:term":[{"taxonomy":"category","embeddable":true,"href":"https:\/\/sincomavi.org.br\/index.php?rest_route=%2Fwp%2Fv2%2Fcategories&post=14730"},{"taxonomy":"post_tag","embeddable":true,"href":"https:\/\/sincomavi.org.br\/index.php?rest_route=%2Fwp%2Fv2%2Ftags&post=14730"}],"curies":[{"name":"wp","href":"https:\/\/api.w.org\/{rel}","templated":true}]}}