{"id":14698,"date":"2025-10-15T13:35:59","date_gmt":"2025-10-15T16:35:59","guid":{"rendered":"https:\/\/sincomavi.org.br\/?p=14698"},"modified":"2025-10-15T13:45:07","modified_gmt":"2025-10-15T16:45:07","slug":"vendas-de-material-de-construcao-caem-em-2025-no-estado-de-sao-paulo","status":"publish","type":"post","link":"https:\/\/sincomavi.org.br\/?p=14698","title":{"rendered":"Vendas de material de constru\u00e7\u00e3o caem em 2025 no Estado de S\u00e3o Paulo"},"content":{"rendered":"\n<hr class=\"wp-block-separator has-alpha-channel-opacity\"\/>\n\n\n<div class=\"wp-block-post-date\"><time datetime=\"2025-10-15T13:35:59-03:00\">15 de outubro de 2025<\/time><\/div>\n\n\n<p>A <a href=\"https:\/\/agenciadenoticias.ibge.gov.br\/agencia-sala-de-imprensa\/2013-agencia-de-noticias\/releases\/44785-em-agosto-vendas-no-varejo-variam-0-2\" target=\"_blank\" rel=\"noreferrer noopener\"><strong>Pesquisa Mensal do Com\u00e9rcio<\/strong><\/a> (PMC), do Instituto Brasileiro de Geografia e Estat\u00edstica (IBGE), registrou queda em agosto no volume de vendas do varejo de material de constru\u00e7\u00e3o no Estado de S\u00e3o Paulo. A retra\u00e7\u00e3o foi de 5,1% em rela\u00e7\u00e3o ao mesmo m\u00eas do ano passado &#8211; o terceiro recuo seguido nesta compara\u00e7\u00e3o anual. J\u00e1 s\u00e3o contabilizadas tamb\u00e9m tr\u00eas quedas mensais seguidas em n\u00edvel nacional, sendo em agosto de 6,1%, portanto, o resultado negativo se mostrou mais agudo do que o verificado na economia paulista.\u00a0<\/p>\n\n\n\n<h3 class=\"wp-block-heading has-text-align-center\"><strong>Evolu\u00e7\u00e3o mensal do \u00edndice de volume de vendas do com\u00e9rcio de material de constru\u00e7\u00e3o \u2013 M\u00eas contra mesmo m\u00eas do ano anterior<\/strong><\/h3>\n\n\n<div class=\"wp-block-image\">\n<figure class=\"aligncenter size-full is-resized\"><img loading=\"lazy\" decoding=\"async\" width=\"1007\" height=\"641\" src=\"https:\/\/sincomavi.org.br\/wp-content\/uploads\/2025\/10\/image-5.png\" alt=\"\" class=\"wp-image-14700\" style=\"width:520px\" srcset=\"https:\/\/sincomavi.org.br\/wp-content\/uploads\/2025\/10\/image-5.png 1007w, https:\/\/sincomavi.org.br\/wp-content\/uploads\/2025\/10\/image-5-300x191.png 300w, https:\/\/sincomavi.org.br\/wp-content\/uploads\/2025\/10\/image-5-768x489.png 768w, https:\/\/sincomavi.org.br\/wp-content\/uploads\/2025\/10\/image-5-660x420.png 660w, https:\/\/sincomavi.org.br\/wp-content\/uploads\/2025\/10\/image-5-640x407.png 640w, https:\/\/sincomavi.org.br\/wp-content\/uploads\/2025\/10\/image-5-681x433.png 681w\" sizes=\"auto, (max-width: 1007px) 100vw, 1007px\" \/><\/figure><\/div>\n\n\n<p class=\"has-text-align-right\"><strong>Fonte: PMC\/IBGE<\/strong><\/p>\n\n\n\n<p>\u201c\u00c9 importante frisar que devido a esta nova retra\u00e7\u00e3o, quando observamos o desempenho das vendas acumuladas nos oito meses do ano, que pela primeira vez em 2025 h\u00e1 um desempenho negativo em S\u00e3o Paulo, mais precisamente de -0,6%\u201d, ressalta o economista Jaime Vasconcellos. Ele destaca ainda que no Brasil ocorreu avan\u00e7o de 0,7%, mas com trajet\u00f3ria decrescente desde maio passado: \u201cDevido a esta tend\u00eancia, vemos que no desempenho acumulado em 12 meses deste indicador de performance do segmento h\u00e1 um aumento de apenas 1,6% nas vendas do com\u00e9rcio de material de constru\u00e7\u00e3o paulista, que est\u00e1, inclusive, em processo de descenso desde mar\u00e7o de 2025\u201d.&nbsp;<\/p>\n\n\n\n<h3 class=\"wp-block-heading has-text-align-center\"><strong>Evolu\u00e7\u00e3o do \u00edndice de volume de vendas do com\u00e9rcio de materiais de constru\u00e7\u00e3o do Estado de S\u00e3o Paulo \u2013 Taxa acumulada de 12 meses<\/strong><\/h3>\n\n\n<div class=\"wp-block-image\">\n<figure class=\"aligncenter size-large is-resized\"><img loading=\"lazy\" decoding=\"async\" width=\"1024\" height=\"635\" src=\"https:\/\/sincomavi.org.br\/wp-content\/uploads\/2025\/10\/image-7-1024x635.png\" alt=\"\" class=\"wp-image-14702\" style=\"width:520px\" srcset=\"https:\/\/sincomavi.org.br\/wp-content\/uploads\/2025\/10\/image-7-1024x635.png 1024w, https:\/\/sincomavi.org.br\/wp-content\/uploads\/2025\/10\/image-7-300x186.png 300w, https:\/\/sincomavi.org.br\/wp-content\/uploads\/2025\/10\/image-7-768x477.png 768w, https:\/\/sincomavi.org.br\/wp-content\/uploads\/2025\/10\/image-7-677x420.png 677w, https:\/\/sincomavi.org.br\/wp-content\/uploads\/2025\/10\/image-7-640x397.png 640w, https:\/\/sincomavi.org.br\/wp-content\/uploads\/2025\/10\/image-7-681x423.png 681w, https:\/\/sincomavi.org.br\/wp-content\/uploads\/2025\/10\/image-7.png 1518w\" sizes=\"auto, (max-width: 1024px) 100vw, 1024px\" \/><\/figure><\/div>\n\n\n<p class=\"has-text-align-right\"><strong>Fonte: PMC\/IBGE<\/strong><\/p>\n\n\n\n<p>Com isso, a perspectiva \u00e9 de queda nas vendas em S\u00e3o Paulo para 2025, refor\u00e7ada agora tamb\u00e9m pelos dados de agosto. \u201cTendo como refer\u00eancia a alta do ano anterior, o setor segue o movimento de desacelera\u00e7\u00e3o da pr\u00f3pria economia brasileira\u201d, avalia. \u201cComo \u00e9 dependente do cr\u00e9dito e enfrenta juros altos (pessoas f\u00edsicas e jur\u00eddicas), al\u00e9m de altos endividamento e inadimpl\u00eancia, este \u00e9 um dos ramos comerciais que s\u00e3o mais rapidamente e fortemente impactado por varia\u00e7\u00f5es mais significativas do consumo das fam\u00edlias e dos n\u00edveis de investimentos empresariais. E \u00e9 o que ocorre negativamente nos \u00faltimos meses, sem muita perspectiva de mudan\u00e7as no curto prazo\u201d, finaliza.&nbsp;<\/p>\n\n\n\n<p class=\"has-small-font-size\"><strong>OBS: O Volume de Vendas observado pela PMC resulta da defla\u00e7\u00e3o dos valores nominais correntes da receita bruta de revenda<\/strong> <strong>por \u00edndices de pre\u00e7os espec\u00edficos para cada grupo de atividade, e para cada Unidade da Federa\u00e7\u00e3o, constru\u00eddos a partir dos relativos de pre\u00e7os do IPCA e do Sistema Nacional de Pesquisa de Custos e \u00cdndices da Constru\u00e7\u00e3o Civil \u2013 SINAPI. A pesquisa tamb\u00e9m avalia apenas empresas com 20 ocupados ou mais.&nbsp;<\/strong><\/p>\n\n\n\n<hr class=\"wp-block-separator has-alpha-channel-opacity\"\/>\n","protected":false},"excerpt":{"rendered":"<p>A Pesquisa Mensal do Com\u00e9rcio (PMC), do Instituto Brasileiro de Geografia e Estat\u00edstica (IBGE), registrou queda em agosto no volume de vendas do varejo de material de constru\u00e7\u00e3o no Estado de S\u00e3o Paulo. A retra\u00e7\u00e3o foi de 5,1% em rela\u00e7\u00e3o ao mesmo m\u00eas do ano passado &#8211; o terceiro recuo seguido nesta compara\u00e7\u00e3o anual. J\u00e1 [&hellip;]<\/p>\n","protected":false},"author":1,"featured_media":14703,"comment_status":"closed","ping_status":"open","sticky":false,"template":"","format":"standard","meta":{"tdm_status":"","tdm_grid_status":"","footnotes":""},"categories":[153],"tags":[199,156,632,620,158,160,1319,200,75],"class_list":["post-14698","post","type-post","status-publish","format-standard","has-post-thumbnail","hentry","category-noticias","tag-comercio","tag-economia","tag-estudo-setorial","tag-levantamento","tag-material-de-construcao","tag-pesquisa","tag-pmc-ibge","tag-varejo","tag-vendas"],"amp_enabled":true,"_links":{"self":[{"href":"https:\/\/sincomavi.org.br\/index.php?rest_route=\/wp\/v2\/posts\/14698","targetHints":{"allow":["GET"]}}],"collection":[{"href":"https:\/\/sincomavi.org.br\/index.php?rest_route=\/wp\/v2\/posts"}],"about":[{"href":"https:\/\/sincomavi.org.br\/index.php?rest_route=\/wp\/v2\/types\/post"}],"author":[{"embeddable":true,"href":"https:\/\/sincomavi.org.br\/index.php?rest_route=\/wp\/v2\/users\/1"}],"replies":[{"embeddable":true,"href":"https:\/\/sincomavi.org.br\/index.php?rest_route=%2Fwp%2Fv2%2Fcomments&post=14698"}],"version-history":[{"count":2,"href":"https:\/\/sincomavi.org.br\/index.php?rest_route=\/wp\/v2\/posts\/14698\/revisions"}],"predecessor-version":[{"id":14705,"href":"https:\/\/sincomavi.org.br\/index.php?rest_route=\/wp\/v2\/posts\/14698\/revisions\/14705"}],"wp:featuredmedia":[{"embeddable":true,"href":"https:\/\/sincomavi.org.br\/index.php?rest_route=\/wp\/v2\/media\/14703"}],"wp:attachment":[{"href":"https:\/\/sincomavi.org.br\/index.php?rest_route=%2Fwp%2Fv2%2Fmedia&parent=14698"}],"wp:term":[{"taxonomy":"category","embeddable":true,"href":"https:\/\/sincomavi.org.br\/index.php?rest_route=%2Fwp%2Fv2%2Fcategories&post=14698"},{"taxonomy":"post_tag","embeddable":true,"href":"https:\/\/sincomavi.org.br\/index.php?rest_route=%2Fwp%2Fv2%2Ftags&post=14698"}],"curies":[{"name":"wp","href":"https:\/\/api.w.org\/{rel}","templated":true}]}}