{"id":14680,"date":"2025-10-14T14:13:00","date_gmt":"2025-10-14T17:13:00","guid":{"rendered":"https:\/\/sincomavi.org.br\/?p=14680"},"modified":"2025-10-14T10:15:31","modified_gmt":"2025-10-14T13:15:31","slug":"confianca-do-empresariado-varejista-atinge-menor-nivel-em-quatro-anos-aponta-fecomerciosp","status":"publish","type":"post","link":"https:\/\/sincomavi.org.br\/?p=14680","title":{"rendered":"Confian\u00e7a do empresariado varejista atinge menor n\u00edvel em quatro anos, aponta FecomercioSP"},"content":{"rendered":"\n<hr class=\"wp-block-separator has-alpha-channel-opacity\"\/>\n\n\n<div class=\"wp-block-post-date\"><time datetime=\"2025-10-14T14:13:00-03:00\">14 de outubro de 2025<\/time><\/div>\n\n\n<p>O pessimismo voltou a dominar o ambiente de neg\u00f3cios do com\u00e9rcio paulistano em setembro. De acordo com o \u00cdndice de Confian\u00e7a do Empres\u00e1rio do Com\u00e9rcio (ICEC), medido pela Federa\u00e7\u00e3o do Com\u00e9rcio de Bens, Servi\u00e7os e Turismo do Estado de S\u00e3o Paulo (FecomercioSP), a confian\u00e7a caiu 5,9% no m\u00eas, ao passar de 99,8 pontos em agosto para 93,9 pontos em setembro \u2014 o menor patamar desde junho de 2021. Na compara\u00e7\u00e3o anual, o recuo \u00e9 de 13,9%, configurando a oitava queda consecutiva.<\/p>\n\n\n\n<h3 class=\"wp-block-heading has-text-align-center\"><strong>\u00cdndice de Confian\u00e7a do Empres\u00e1rio do Com\u00e9rcio (ICEC)<\/strong><br>S\u00e9rie hist\u00f3rica \u2014 13 meses<\/h3>\n\n\n<style>.kb-image14680_585cb2-3e .kb-image-has-overlay:after{opacity:0.3;}<\/style>\n<div class=\"wp-block-kadence-image kb-image14680_585cb2-3e\"><figure class=\"aligncenter size-full\"><img loading=\"lazy\" decoding=\"async\" width=\"670\" height=\"362\" src=\"https:\/\/sincomavi.org.br\/wp-content\/uploads\/2025\/10\/fecom-out25.png\" alt=\"\" class=\"kb-img wp-image-14681\" srcset=\"https:\/\/sincomavi.org.br\/wp-content\/uploads\/2025\/10\/fecom-out25.png 670w, https:\/\/sincomavi.org.br\/wp-content\/uploads\/2025\/10\/fecom-out25-300x162.png 300w, https:\/\/sincomavi.org.br\/wp-content\/uploads\/2025\/10\/fecom-out25-640x346.png 640w\" sizes=\"auto, (max-width: 670px) 100vw, 670px\" \/><\/figure><\/div>\n\n\n\n<p class=\"has-text-align-right\"><strong>Fonte: FecomercioSP<\/strong><\/p>\n\n\n\n<p>Segundo a FecomercioSP, o cen\u00e1rio \u00e9 de incerteza e dificuldade para os empres\u00e1rios, que enfrentam margens de lucro comprimidas, cr\u00e9dito caro e pagamento de d\u00edvidas contra\u00eddas durante a pandemia. A entidade observa que o n\u00famero de empresas em recupera\u00e7\u00e3o judicial ou fal\u00eancia reflete a perda de f\u00f4lego da atividade econ\u00f4mica e contribui para o des\u00e2nimo generalizado no setor.<\/p>\n\n\n\n<p>Os tr\u00eas componentes do ICEC apresentaram retra\u00e7\u00e3o. O \u00cdndice das Condi\u00e7\u00f5es Atuais (ICAEC) caiu 6,5%, para 69,1 pontos, atingindo o menor n\u00edvel desde julho de 2021 e permanecendo na zona de pessimismo pelo 31\u00ba m\u00eas seguido. O \u00cdndice de Expectativa (IEEC) recuou 7,7%, chegando a 113,7 pontos \u2014 menor marca desde julho de 2020 \u2014 enquanto o \u00cdndice de Investimento (IIEC) voltou \u00e0 faixa pessimista, caindo 3,2%, para 98,9 pontos. A entidade aponta que a combina\u00e7\u00e3o de juros altos e aumento da carga tribut\u00e1ria tem levado os comerciantes a adotar postura mais cautelosa quanto a novos investimentos.<\/p>\n\n\n\n<p>O estudo tamb\u00e9m mostra que a perda de confian\u00e7a atingiu empresas de todos os portes. Nas grandes, o ICEC caiu 10,9%, para 95,6 pontos, interrompendo cinco anos de otimismo. Nessas companhias, as expectativas em rela\u00e7\u00e3o ao futuro recuaram 14,6%, para 104,2 pontos \u2014 menor n\u00edvel desde a pandemia. J\u00e1 entre as pequenas empresas, o \u00edndice caiu 5,7%, para 93,9 pontos. A FecomercioSP destaca que, pela primeira vez desde 2020, as grandes companhias demonstram expectativa mais negativa que as pequenas, o que pode sinalizar antecipa\u00e7\u00e3o de um cen\u00e1rio de desacelera\u00e7\u00e3o econ\u00f4mica para 2026.<\/p>\n\n\n\n<hr class=\"wp-block-separator has-alpha-channel-opacity\"\/>\n","protected":false},"excerpt":{"rendered":"<p>O pessimismo voltou a dominar o ambiente de neg\u00f3cios do com\u00e9rcio paulistano em setembro. De acordo com o \u00cdndice de Confian\u00e7a do Empres\u00e1rio do Com\u00e9rcio (ICEC), medido pela Federa\u00e7\u00e3o do Com\u00e9rcio de Bens, Servi\u00e7os e Turismo do Estado de S\u00e3o Paulo (FecomercioSP), a confian\u00e7a caiu 5,9% no m\u00eas, ao passar de 99,8 pontos em agosto [&hellip;]<\/p>\n","protected":false},"author":1,"featured_media":14683,"comment_status":"closed","ping_status":"open","sticky":false,"template":"","format":"standard","meta":{"tdm_status":"","tdm_grid_status":"","footnotes":""},"categories":[153],"tags":[199,204,156,580,855,620,160,200,75],"class_list":["post-14680","post","type-post","status-publish","format-standard","has-post-thumbnail","hentry","category-noticias","tag-comercio","tag-confianca","tag-economia","tag-fecomerciosp","tag-icec","tag-levantamento","tag-pesquisa","tag-varejo","tag-vendas"],"amp_enabled":true,"_links":{"self":[{"href":"https:\/\/sincomavi.org.br\/index.php?rest_route=\/wp\/v2\/posts\/14680","targetHints":{"allow":["GET"]}}],"collection":[{"href":"https:\/\/sincomavi.org.br\/index.php?rest_route=\/wp\/v2\/posts"}],"about":[{"href":"https:\/\/sincomavi.org.br\/index.php?rest_route=\/wp\/v2\/types\/post"}],"author":[{"embeddable":true,"href":"https:\/\/sincomavi.org.br\/index.php?rest_route=\/wp\/v2\/users\/1"}],"replies":[{"embeddable":true,"href":"https:\/\/sincomavi.org.br\/index.php?rest_route=%2Fwp%2Fv2%2Fcomments&post=14680"}],"version-history":[{"count":1,"href":"https:\/\/sincomavi.org.br\/index.php?rest_route=\/wp\/v2\/posts\/14680\/revisions"}],"predecessor-version":[{"id":14682,"href":"https:\/\/sincomavi.org.br\/index.php?rest_route=\/wp\/v2\/posts\/14680\/revisions\/14682"}],"wp:featuredmedia":[{"embeddable":true,"href":"https:\/\/sincomavi.org.br\/index.php?rest_route=\/wp\/v2\/media\/14683"}],"wp:attachment":[{"href":"https:\/\/sincomavi.org.br\/index.php?rest_route=%2Fwp%2Fv2%2Fmedia&parent=14680"}],"wp:term":[{"taxonomy":"category","embeddable":true,"href":"https:\/\/sincomavi.org.br\/index.php?rest_route=%2Fwp%2Fv2%2Fcategories&post=14680"},{"taxonomy":"post_tag","embeddable":true,"href":"https:\/\/sincomavi.org.br\/index.php?rest_route=%2Fwp%2Fv2%2Ftags&post=14680"}],"curies":[{"name":"wp","href":"https:\/\/api.w.org\/{rel}","templated":true}]}}