{"id":14670,"date":"2025-10-14T08:32:34","date_gmt":"2025-10-14T11:32:34","guid":{"rendered":"https:\/\/sincomavi.org.br\/?p=14670"},"modified":"2025-10-14T08:32:35","modified_gmt":"2025-10-14T11:32:35","slug":"linha-de-credito-federal-para-reformas-trara-impactos-positivos-ao-varejo-de-material-de-construcao","status":"publish","type":"post","link":"https:\/\/sincomavi.org.br\/?p=14670","title":{"rendered":"Linha de cr\u00e9dito federal para reformas trar\u00e1 impactos positivos ao varejo de material de constru\u00e7\u00e3o"},"content":{"rendered":"\n<hr class=\"wp-block-separator has-alpha-channel-opacity\"\/>\n\n\n<div class=\"wp-block-post-date\"><time datetime=\"2025-10-14T08:32:34-03:00\">14 de outubro de 2025<\/time><\/div>\n\n\n<p><strong>Por Jaime Vasconcellos, economista.<\/strong><\/p>\n\n\n\n<p>Foi anunciado neste dia 10 de outubro uma nova linha de cr\u00e9dito do governo federal destinada a reformas residenciais, com valores de at\u00e9 R$ 30 mil e juros reduzidos. A medida pode trazer impactos positivos para o setor varejista de materiais de constru\u00e7\u00e3o, inclusive da Regi\u00e3o Metropolitana de S\u00e3o Paulo (RMSP).<\/p>\n\n\n\n<p>Voltada a fam\u00edlias com faixas de renda de at\u00e9 R$3,2 mil (Faixa Melhoria 1) e de R$3,2 mil a R$9,6 mil (Faixa Melhoria 2), a medida tende a estimular diretamente o consumo de insumos de obras, ampliando as oportunidades de venda para lojistas em todo o pa\u00eds. Como o cr\u00e9dito poder\u00e1 ser usado na compra de materiais, contrata\u00e7\u00e3o de m\u00e3o de obra e servi\u00e7os t\u00e9cnicos, abre-se a perspectiva de aumento na demanda por tintas, pisos, revestimentos, produtos el\u00e9tricos e hidr\u00e1ulicos, ferragens e demais itens utilizados em reformas e melhorias habitacionais.<\/p>\n\n\n\n<p>Com prazos de pagamento de 24 a 60 meses e juros mensais entre 1,17% e 1,95%, a depender das faixas de renda, o financiamento \u00e9 destinado a residentes em \u00e1reas urbanas, em capitais, munic\u00edpios com mais de 300 mil habitantes ou em arranjos populacionais acima deste n\u00famero, conforme dados do Instituto Brasileiro de Geografia e Estat\u00edstica (IBGE).&nbsp;<\/p>\n\n\n\n<p>Integrado a pol\u00edticas habitacionais como o Minha Casa, Minha Vida, vinculado ao Sistema Financeiro da Habita\u00e7\u00e3o e operacionalizado pela Caixa Econ\u00f4mica Federal, o novo cr\u00e9dito tamb\u00e9m exigir\u00e1 a comprova\u00e7\u00e3o de uso dos recursos, o que estimular\u00e1 transa\u00e7\u00f5es mais seguras, reduzindo inclusive os riscos de inadimpl\u00eancia. Al\u00e9m disso, o valor da presta\u00e7\u00e3o dos empr\u00e9stimos ser\u00e1 limitado a 25% da renda familiar, e cada benefici\u00e1rio s\u00f3 poder\u00e1 contratar um financiamento por vez.<\/p>\n\n\n\n<p>Para o varejo de material de constru\u00e7\u00e3o, a linha de cr\u00e9dito rec\u00e9m-criada representa uma oportunidade estrat\u00e9gica de expans\u00e3o, inova\u00e7\u00e3o e fortalecimento de mercado. Em um cen\u00e1rio de juros altos e consumo inst\u00e1vel, essa iniciativa p\u00fablica funciona como um catalisador capaz de ao menos aquecer em algum n\u00edvel a demanda e impulsionar as vendas do varejo em quest\u00e3o, em especial de pequenos e m\u00e9dios neg\u00f3cios.&nbsp;<\/p>\n\n\n\n<p>Para mais informa\u00e7\u00f5es sobre a Portaria 1.177, de 08 de outubro de 2025, que cria o programa, clique no bot\u00e3o abaixo:<\/p>\n\n\n\n<div class=\"wp-block-buttons is-content-justification-center is-layout-flex wp-container-core-buttons-is-layout-16018d1d wp-block-buttons-is-layout-flex\">\n<div class=\"wp-block-button\"><a class=\"wp-block-button__link has-text-align-center wp-element-button\" href=\"https:\/\/www.in.gov.br\/en\/web\/dou\/-\/portaria-mcid-n-1.177-de-8-de-outubro-de-2025-661500532\">CLIQUE AQUI<\/a><\/div>\n<\/div>\n\n\n\n<hr class=\"wp-block-separator has-alpha-channel-opacity\"\/>\n","protected":false},"excerpt":{"rendered":"<p>Por Jaime Vasconcellos, economista. Foi anunciado neste dia 10 de outubro uma nova linha de cr\u00e9dito do governo federal destinada a reformas residenciais, com valores de at\u00e9 R$ 30 mil e juros reduzidos. A medida pode trazer impactos positivos para o setor varejista de materiais de constru\u00e7\u00e3o, inclusive da Regi\u00e3o Metropolitana de S\u00e3o Paulo (RMSP). [&hellip;]<\/p>\n","protected":false},"author":1,"featured_media":14671,"comment_status":"closed","ping_status":"open","sticky":false,"template":"","format":"standard","meta":{"tdm_status":"","tdm_grid_status":"","footnotes":""},"categories":[153],"tags":[199,250,1547,1652,1651,200],"class_list":["post-14670","post","type-post","status-publish","format-standard","has-post-thumbnail","hentry","category-noticias","tag-comercio","tag-credito","tag-minha-casa-minha-vida","tag-portaria-1177-25","tag-reforma","tag-varejo"],"amp_enabled":true,"_links":{"self":[{"href":"https:\/\/sincomavi.org.br\/index.php?rest_route=\/wp\/v2\/posts\/14670","targetHints":{"allow":["GET"]}}],"collection":[{"href":"https:\/\/sincomavi.org.br\/index.php?rest_route=\/wp\/v2\/posts"}],"about":[{"href":"https:\/\/sincomavi.org.br\/index.php?rest_route=\/wp\/v2\/types\/post"}],"author":[{"embeddable":true,"href":"https:\/\/sincomavi.org.br\/index.php?rest_route=\/wp\/v2\/users\/1"}],"replies":[{"embeddable":true,"href":"https:\/\/sincomavi.org.br\/index.php?rest_route=%2Fwp%2Fv2%2Fcomments&post=14670"}],"version-history":[{"count":1,"href":"https:\/\/sincomavi.org.br\/index.php?rest_route=\/wp\/v2\/posts\/14670\/revisions"}],"predecessor-version":[{"id":14672,"href":"https:\/\/sincomavi.org.br\/index.php?rest_route=\/wp\/v2\/posts\/14670\/revisions\/14672"}],"wp:featuredmedia":[{"embeddable":true,"href":"https:\/\/sincomavi.org.br\/index.php?rest_route=\/wp\/v2\/media\/14671"}],"wp:attachment":[{"href":"https:\/\/sincomavi.org.br\/index.php?rest_route=%2Fwp%2Fv2%2Fmedia&parent=14670"}],"wp:term":[{"taxonomy":"category","embeddable":true,"href":"https:\/\/sincomavi.org.br\/index.php?rest_route=%2Fwp%2Fv2%2Fcategories&post=14670"},{"taxonomy":"post_tag","embeddable":true,"href":"https:\/\/sincomavi.org.br\/index.php?rest_route=%2Fwp%2Fv2%2Ftags&post=14670"}],"curies":[{"name":"wp","href":"https:\/\/api.w.org\/{rel}","templated":true}]}}