{"id":14625,"date":"2025-10-06T15:56:00","date_gmt":"2025-10-06T18:56:00","guid":{"rendered":"https:\/\/sincomavi.org.br\/?p=14625"},"modified":"2025-10-06T14:10:34","modified_gmt":"2025-10-06T17:10:34","slug":"custo-de-vida-desacelera-na-rmsp-e-melhora-poder-de-compra-das-familias","status":"publish","type":"post","link":"https:\/\/sincomavi.org.br\/?p=14625","title":{"rendered":"Custo de vida desacelera na RMSP e melhora poder de compra das fam\u00edlias"},"content":{"rendered":"\n<hr class=\"wp-block-separator has-alpha-channel-opacity is-style-default\"\/>\n\n\n<div class=\"wp-block-post-date\"><time datetime=\"2025-10-06T15:56:00-03:00\">6 de outubro de 2025<\/time><\/div>\n\n\n<p>A pesquisa Custo de Vida por Classe Social (CVCS), da Federa\u00e7\u00e3o do Com\u00e9rcio de Bens, Servi\u00e7os e Turismo de S\u00e3o Paulo (FecomercioSP), verificou, com base em dados do IBGE, que o houve uma desacelera\u00e7\u00e3o na alta dos pre\u00e7os, passando de 0,47% em julho para 0,21% em agosto. O al\u00edvio foi impulsionado pela redu\u00e7\u00e3o nas tarifas de energia el\u00e9trica e pela queda da infla\u00e7\u00e3o dos alimentos, beneficiando especialmente os lares de menor renda.<\/p>\n\n\n\n<p class=\"has-text-align-center\"><strong>Custo de vida na Regi\u00e3o Metropolitana de S\u00e3o Paulo (CVCS)<\/strong><br><em>S\u00e9rie hist\u00f3rica \u2014 julho de 2025<\/em><\/p>\n\n\n<style>.kb-image14625_92bcd3-7b .kb-image-has-overlay:after{opacity:0.3;}<\/style>\n<div class=\"wp-block-kadence-image kb-image14625_92bcd3-7b\"><figure class=\"aligncenter size-full\"><img loading=\"lazy\" decoding=\"async\" width=\"721\" height=\"358\" src=\"https:\/\/sincomavi.org.br\/wp-content\/uploads\/2025\/10\/indicador.png\" alt=\"\" class=\"kb-img wp-image-14626\" srcset=\"https:\/\/sincomavi.org.br\/wp-content\/uploads\/2025\/10\/indicador.png 721w, https:\/\/sincomavi.org.br\/wp-content\/uploads\/2025\/10\/indicador-300x149.png 300w, https:\/\/sincomavi.org.br\/wp-content\/uploads\/2025\/10\/indicador-640x318.png 640w, https:\/\/sincomavi.org.br\/wp-content\/uploads\/2025\/10\/indicador-681x338.png 681w\" sizes=\"auto, (max-width: 721px) 100vw, 721px\" \/><\/figure><\/div>\n\n\n\n<p class=\"has-text-align-right\"><strong>Fonte: FecomercioSP<\/strong><\/p>\n\n\n\n<p>De acordo com a FecomercioSP, a modera\u00e7\u00e3o do \u00edndice \u00e9 positiva para a recomposi\u00e7\u00e3o da renda e o fortalecimento do poder de compra, com efeitos favor\u00e1veis para a economia nos pr\u00f3ximos meses. A entidade destaca que a queda dos pre\u00e7os nos supermercados, a redu\u00e7\u00e3o dos combust\u00edveis e os bons n\u00edveis dos reservat\u00f3rios de \u00e1gua mant\u00eam o cen\u00e1rio otimista.<\/p>\n\n\n\n<p>Entre os grupos de despesas, educa\u00e7\u00e3o exerceu a maior press\u00e3o de alta, com avan\u00e7o de 1,12%, impulsionado pelos reajustes em cursos de idioma e ensino superior. J\u00e1 o grupo habita\u00e7\u00e3o teve retra\u00e7\u00e3o de 0,09%, reflexo da redu\u00e7\u00e3o de 3,6% na conta de energia el\u00e9trica. O grupo alimenta\u00e7\u00e3o e bebidas apresentou varia\u00e7\u00e3o de 0,19%, com destaque para quedas expressivas nos pre\u00e7os do mam\u00e3o, tomate e batata-inglesa.<\/p>\n\n\n\n<p>No acumulado de 12 meses, o impacto foi mais forte sobre as classes de menor poder aquisitivo, com altas de 6,56% na classe E e 6,47% na classe D. Entre os lares mais ricos, as varia\u00e7\u00f5es ficaram pr\u00f3ximas a 5,4%. Segundo a FecomercioSP, a diferen\u00e7a ocorre porque as fam\u00edlias de menor renda concentram seus gastos em itens essenciais, mais sens\u00edveis \u00e0s varia\u00e7\u00f5es de pre\u00e7o.<\/p>\n\n\n\n<hr class=\"wp-block-separator has-alpha-channel-opacity is-style-default\"\/>\n","protected":false},"excerpt":{"rendered":"<p>A pesquisa Custo de Vida por Classe Social (CVCS), da Federa\u00e7\u00e3o do Com\u00e9rcio de Bens, Servi\u00e7os e Turismo de S\u00e3o Paulo (FecomercioSP), verificou, com base em dados do IBGE, que o houve uma desacelera\u00e7\u00e3o na alta dos pre\u00e7os, passando de 0,47% em julho para 0,21% em agosto. O al\u00edvio foi impulsionado pela redu\u00e7\u00e3o nas tarifas [&hellip;]<\/p>\n","protected":false},"author":1,"featured_media":14627,"comment_status":"closed","ping_status":"open","sticky":false,"template":"","format":"standard","meta":{"tdm_status":"","tdm_grid_status":"","footnotes":""},"categories":[153],"tags":[156,620,160,237],"class_list":["post-14625","post","type-post","status-publish","format-standard","has-post-thumbnail","hentry","category-noticias","tag-economia","tag-levantamento","tag-pesquisa","tag-precos"],"amp_enabled":true,"_links":{"self":[{"href":"https:\/\/sincomavi.org.br\/index.php?rest_route=\/wp\/v2\/posts\/14625","targetHints":{"allow":["GET"]}}],"collection":[{"href":"https:\/\/sincomavi.org.br\/index.php?rest_route=\/wp\/v2\/posts"}],"about":[{"href":"https:\/\/sincomavi.org.br\/index.php?rest_route=\/wp\/v2\/types\/post"}],"author":[{"embeddable":true,"href":"https:\/\/sincomavi.org.br\/index.php?rest_route=\/wp\/v2\/users\/1"}],"replies":[{"embeddable":true,"href":"https:\/\/sincomavi.org.br\/index.php?rest_route=%2Fwp%2Fv2%2Fcomments&post=14625"}],"version-history":[{"count":1,"href":"https:\/\/sincomavi.org.br\/index.php?rest_route=\/wp\/v2\/posts\/14625\/revisions"}],"predecessor-version":[{"id":14628,"href":"https:\/\/sincomavi.org.br\/index.php?rest_route=\/wp\/v2\/posts\/14625\/revisions\/14628"}],"wp:featuredmedia":[{"embeddable":true,"href":"https:\/\/sincomavi.org.br\/index.php?rest_route=\/wp\/v2\/media\/14627"}],"wp:attachment":[{"href":"https:\/\/sincomavi.org.br\/index.php?rest_route=%2Fwp%2Fv2%2Fmedia&parent=14625"}],"wp:term":[{"taxonomy":"category","embeddable":true,"href":"https:\/\/sincomavi.org.br\/index.php?rest_route=%2Fwp%2Fv2%2Fcategories&post=14625"},{"taxonomy":"post_tag","embeddable":true,"href":"https:\/\/sincomavi.org.br\/index.php?rest_route=%2Fwp%2Fv2%2Ftags&post=14625"}],"curies":[{"name":"wp","href":"https:\/\/api.w.org\/{rel}","templated":true}]}}