{"id":14616,"date":"2025-10-06T13:54:00","date_gmt":"2025-10-06T16:54:00","guid":{"rendered":"https:\/\/sincomavi.org.br\/?p=14616"},"modified":"2025-10-06T13:54:03","modified_gmt":"2025-10-06T16:54:03","slug":"convocacao-assembleia-geral-extraordinaria-age-13-10-2025","status":"publish","type":"post","link":"https:\/\/sincomavi.org.br\/?p=14616","title":{"rendered":"Convoca\u00e7\u00e3o: Assembleia Geral Extraordin\u00e1ria (AGE) | 13\/10\/2025"},"content":{"rendered":"\n<hr class=\"wp-block-separator has-alpha-channel-opacity is-style-default\"\/>\n\n\n<div class=\"wp-block-post-date\"><time datetime=\"2025-10-06T13:54:00-03:00\">6 de outubro de 2025<\/time><\/div>\n\n\n<p>Convocamos todas as empresas das categorias econ\u00f4micas representadas pelo Sincomavi, associadas ou n\u00e3o, para participarem da Assembleia Geral Extraordin\u00e1ria (AGE), a ser realizada no dia <strong>13\/10\/2025<\/strong>, <strong>\u00e0s 10:00<\/strong> <strong>horas<\/strong>, na Rua Boa Vista n\u00ba 356 \u2013 15\u00ba andar \u2013 Centro, a fim de deliberar sobre a seguinte ordem do dia:<\/p>\n\n\n\n<ol class=\"wp-block-list\">\n<li>Estabelecimento das condi\u00e7\u00f5es para as negocia\u00e7\u00f5es coletivas com as categorias profissionais dos empregados em geral e categorias diferenciadas;<\/li>\n<\/ol>\n\n\n\n<ol class=\"wp-block-list\" start=\"2\">\n<li>Discuss\u00e3o e aprova\u00e7\u00e3o dos valores e formas de cobran\u00e7a das retribui\u00e7\u00f5es e contribui\u00e7\u00f5es do exerc\u00edcio de 2025\/2026, inclusive as referentes ao custeio das negocia\u00e7\u00f5es coletivas trabalhistas.<\/li>\n<\/ol>\n\n\n\n<p>Obs.: \u00c9 importante a participa\u00e7\u00e3o dos representantes (legais ou procuradores) das empresas, pois as decis\u00f5es tomadas na AGE e os termos assinados nas CCTs &#8211; Conven\u00e7\u00f5es Coletivas de Trabalho ir\u00e3o impactar todas as categorias representadas pelo Sincomavi.<\/p>\n\n\n\n<hr class=\"wp-block-separator has-alpha-channel-opacity is-style-default\"\/>\n","protected":false},"excerpt":{"rendered":"<p>Convocamos todas as empresas das categorias econ\u00f4micas representadas pelo Sincomavi, associadas ou n\u00e3o, para participarem da Assembleia Geral Extraordin\u00e1ria (AGE), a ser realizada no dia 13\/10\/2025, \u00e0s 10:00 horas, na Rua Boa Vista n\u00ba 356 \u2013 15\u00ba andar \u2013 Centro, a fim de deliberar sobre a seguinte ordem do dia: Obs.: \u00c9 importante a participa\u00e7\u00e3o [&hellip;]<\/p>\n","protected":false},"author":1,"featured_media":14617,"comment_status":"closed","ping_status":"open","sticky":false,"template":"","format":"standard","meta":{"tdm_status":"","tdm_grid_status":"","footnotes":""},"categories":[157],"tags":[824,254],"class_list":["post-14616","post","type-post","status-publish","format-standard","has-post-thumbnail","hentry","category-alerta","tag-age","tag-assembleia-geral-extraordinaria"],"amp_enabled":true,"_links":{"self":[{"href":"https:\/\/sincomavi.org.br\/index.php?rest_route=\/wp\/v2\/posts\/14616","targetHints":{"allow":["GET"]}}],"collection":[{"href":"https:\/\/sincomavi.org.br\/index.php?rest_route=\/wp\/v2\/posts"}],"about":[{"href":"https:\/\/sincomavi.org.br\/index.php?rest_route=\/wp\/v2\/types\/post"}],"author":[{"embeddable":true,"href":"https:\/\/sincomavi.org.br\/index.php?rest_route=\/wp\/v2\/users\/1"}],"replies":[{"embeddable":true,"href":"https:\/\/sincomavi.org.br\/index.php?rest_route=%2Fwp%2Fv2%2Fcomments&post=14616"}],"version-history":[{"count":3,"href":"https:\/\/sincomavi.org.br\/index.php?rest_route=\/wp\/v2\/posts\/14616\/revisions"}],"predecessor-version":[{"id":14620,"href":"https:\/\/sincomavi.org.br\/index.php?rest_route=\/wp\/v2\/posts\/14616\/revisions\/14620"}],"wp:featuredmedia":[{"embeddable":true,"href":"https:\/\/sincomavi.org.br\/index.php?rest_route=\/wp\/v2\/media\/14617"}],"wp:attachment":[{"href":"https:\/\/sincomavi.org.br\/index.php?rest_route=%2Fwp%2Fv2%2Fmedia&parent=14616"}],"wp:term":[{"taxonomy":"category","embeddable":true,"href":"https:\/\/sincomavi.org.br\/index.php?rest_route=%2Fwp%2Fv2%2Fcategories&post=14616"},{"taxonomy":"post_tag","embeddable":true,"href":"https:\/\/sincomavi.org.br\/index.php?rest_route=%2Fwp%2Fv2%2Ftags&post=14616"}],"curies":[{"name":"wp","href":"https:\/\/api.w.org\/{rel}","templated":true}]}}