{"id":14594,"date":"2025-10-01T14:30:06","date_gmt":"2025-10-01T17:30:06","guid":{"rendered":"https:\/\/sincomavi.org.br\/?p=14594"},"modified":"2025-10-01T14:30:29","modified_gmt":"2025-10-01T17:30:29","slug":"empresas-enfrentam-desafio-crescente-com-saude-mental-no-trabalho","status":"publish","type":"post","link":"https:\/\/sincomavi.org.br\/?p=14594","title":{"rendered":"Empresas enfrentam desafio crescente com sa\u00fade mental no trabalho"},"content":{"rendered":"\n<hr class=\"wp-block-separator has-alpha-channel-opacity is-style-default\"\/>\n\n\n<div class=\"wp-block-post-date\"><time datetime=\"2025-10-01T14:30:06-03:00\">1 de outubro de 2025<\/time><\/div>\n\n\n<p>O ambiente corporativo brasileiro vive um momento de alerta em rela\u00e7\u00e3o \u00e0 sa\u00fade mental. Dados oficiais indicam um aumento expressivo nos afastamentos de profissionais por estresse, ansiedade, depress\u00e3o e s\u00edndrome de burnout. Em 2024, foram registrados 472.328 afastamentos por transtornos mentais, n\u00famero 68% maior em rela\u00e7\u00e3o ao ano anterior.<\/p>\n\n\n\n<p>A press\u00e3o por resultados, o excesso de demandas, condi\u00e7\u00f5es de trabalho prec\u00e1rias e epis\u00f3dios de ass\u00e9dio moral est\u00e3o entre os fatores que mais contribuem para esse cen\u00e1rio. Segundo o psiquiatra Dr. Raphael Quadros de Abreu, &#8220;a sobrecarga de trabalho, a press\u00e3o por resultados muitas vezes inalcan\u00e7\u00e1veis, as condi\u00e7\u00f5es laborais prec\u00e1rias, o ass\u00e9dio moral e a falta de pol\u00edticas adequadas de acolhimento em sa\u00fade mental nas empresas s\u00e3o fatores que contribuem diretamente para esse cen\u00e1rio\u201d.<\/p>\n\n\n\n<p>Ao mesmo tempo, as empresas precisam se preparar para a atualiza\u00e7\u00e3o da Norma Regulamentadora n\u00ba 1 (NR-1), que passa a exigir, a partir de 2026, a identifica\u00e7\u00e3o e mitiga\u00e7\u00e3o de riscos psicossociais, como sobrecarga emocional e ass\u00e9dio moral. Roberto Santos, s\u00f3cio-diretor da Ateli\u00ea RH, comenta que o burnout n\u00e3o \u00e9 apenas resultado de caracter\u00edsticas individuais, ele decorre de uma combina\u00e7\u00e3o de fatores. &#8220;Ambientes t\u00f3xicos, demandas excessivas e chefias hostis podem levar ao esgotamento at\u00e9 o profissional mais resiliente\u201d, afirma.<\/p>\n\n\n\n<p>Embora tra\u00e7os individuais de personalidade possam influenciar a maior ou menor suscetibilidade ao estresse, o fator determinante para o burnout est\u00e1 na cultura organizacional. \u201cQuando a produtividade \u00e9 medida apenas por n\u00fameros, sem considerar o bem-estar e o engajamento dos funcion\u00e1rios, o resultado \u00e9 o aumento do estresse cr\u00f4nico, burnout e absente\u00edsmo\u201d, destaca Dr. Raphael.<\/p>\n\n\n\n<p>Entre as estrat\u00e9gias de preven\u00e7\u00e3o est\u00e3o a ado\u00e7\u00e3o de avalia\u00e7\u00f5es comportamentais, pol\u00edticas de gest\u00e3o de pessoas voltadas ao equil\u00edbrio entre vida pessoal e profissional, programas de apoio psicol\u00f3gico e a amplia\u00e7\u00e3o do acesso a consultas m\u00e9dicas online. O reconhecimento precoce de sinais como irritabilidade, fadiga, altera\u00e7\u00f5es de sono e isolamento social \u00e9 considerado fundamental. \u201cCompreender quem somos afeta nossa rea\u00e7\u00e3o \u00e0s press\u00f5es, mas \u00e9 a cultura e a estrutura ao nosso redor que definem o limite entre desafio saud\u00e1vel e sobrecarga\u201d, resume Santos.<\/p>\n\n\n\n<p>A mensagem \u00e9 clara: investir em sa\u00fade mental n\u00e3o \u00e9 apenas uma medida de bem-estar, mas uma a\u00e7\u00e3o estrat\u00e9gica de gest\u00e3o. A cria\u00e7\u00e3o de ambientes corporativos equilibrados reduz afastamentos, preserva talentos e garante maior produtividade, al\u00e9m de atender \u00e0s novas exig\u00eancias legais que em breve passar\u00e3o a vigorar.<\/p>\n\n\n\n<hr class=\"wp-block-separator has-alpha-channel-opacity is-style-default\"\/>\n","protected":false},"excerpt":{"rendered":"<p>O ambiente corporativo brasileiro vive um momento de alerta em rela\u00e7\u00e3o \u00e0 sa\u00fade mental. Dados oficiais indicam um aumento expressivo nos afastamentos de profissionais por estresse, ansiedade, depress\u00e3o e s\u00edndrome de burnout. Em 2024, foram registrados 472.328 afastamentos por transtornos mentais, n\u00famero 68% maior em rela\u00e7\u00e3o ao ano anterior. A press\u00e3o por resultados, o excesso [&hellip;]<\/p>\n","protected":false},"author":1,"featured_media":14595,"comment_status":"closed","ping_status":"open","sticky":false,"template":"","format":"standard","meta":{"tdm_status":"","tdm_grid_status":"","footnotes":""},"categories":[153],"tags":[1643,1642,199,620,942,1529,160,253,363,31,1466,200],"class_list":["post-14594","post","type-post","status-publish","format-standard","has-post-thumbnail","hentry","category-noticias","tag-abseteismo","tag-burnout","tag-comercio","tag-levantamento","tag-norma-regulamentadora","tag-nr-1","tag-pesquisa","tag-recursos-humanos","tag-relacoes-trabalhistas","tag-rh","tag-saude-mental","tag-varejo"],"amp_enabled":true,"_links":{"self":[{"href":"https:\/\/sincomavi.org.br\/index.php?rest_route=\/wp\/v2\/posts\/14594","targetHints":{"allow":["GET"]}}],"collection":[{"href":"https:\/\/sincomavi.org.br\/index.php?rest_route=\/wp\/v2\/posts"}],"about":[{"href":"https:\/\/sincomavi.org.br\/index.php?rest_route=\/wp\/v2\/types\/post"}],"author":[{"embeddable":true,"href":"https:\/\/sincomavi.org.br\/index.php?rest_route=\/wp\/v2\/users\/1"}],"replies":[{"embeddable":true,"href":"https:\/\/sincomavi.org.br\/index.php?rest_route=%2Fwp%2Fv2%2Fcomments&post=14594"}],"version-history":[{"count":1,"href":"https:\/\/sincomavi.org.br\/index.php?rest_route=\/wp\/v2\/posts\/14594\/revisions"}],"predecessor-version":[{"id":14596,"href":"https:\/\/sincomavi.org.br\/index.php?rest_route=\/wp\/v2\/posts\/14594\/revisions\/14596"}],"wp:featuredmedia":[{"embeddable":true,"href":"https:\/\/sincomavi.org.br\/index.php?rest_route=\/wp\/v2\/media\/14595"}],"wp:attachment":[{"href":"https:\/\/sincomavi.org.br\/index.php?rest_route=%2Fwp%2Fv2%2Fmedia&parent=14594"}],"wp:term":[{"taxonomy":"category","embeddable":true,"href":"https:\/\/sincomavi.org.br\/index.php?rest_route=%2Fwp%2Fv2%2Fcategories&post=14594"},{"taxonomy":"post_tag","embeddable":true,"href":"https:\/\/sincomavi.org.br\/index.php?rest_route=%2Fwp%2Fv2%2Ftags&post=14594"}],"curies":[{"name":"wp","href":"https:\/\/api.w.org\/{rel}","templated":true}]}}