{"id":14574,"date":"2025-09-29T14:12:43","date_gmt":"2025-09-29T17:12:43","guid":{"rendered":"https:\/\/sincomavi.org.br\/?p=14574"},"modified":"2025-09-29T14:12:44","modified_gmt":"2025-09-29T17:12:44","slug":"projecoes-indicam-desaceleracao-do-varejo-matcons","status":"publish","type":"post","link":"https:\/\/sincomavi.org.br\/?p=14574","title":{"rendered":"Proje\u00e7\u00f5es indicam desacelera\u00e7\u00e3o do varejo matcons"},"content":{"rendered":"\n<hr class=\"wp-block-separator has-alpha-channel-opacity is-style-default\"\/>\n\n\n<div class=\"wp-block-post-date\"><time datetime=\"2025-09-29T14:12:43-03:00\">29 de setembro de 2025<\/time><\/div>\n\n\n<p>O Indicador de Tend\u00eancia de Consumo e Varejo (ITCV), calculado pelo Centro de Excel\u00eancia em Varejo da Funda\u00e7\u00e3o Getulio Vargas (FGVcev), mostra que o com\u00e9rcio varejista deve encerrar 2025 com crescimento de 0,90%. Para 2026, a estimativa \u00e9 mais favor\u00e1vel, com avan\u00e7o de 2,08%. Esse cen\u00e1rio n\u00e3o \u00e9 compartilhado com o segmento de material de constru\u00e7\u00e3o, conjuntura de juros reais de curto prazo em dois d\u00edgitos tem elevado o custo de oportunidade de investimentos em constru\u00e7\u00e3o e reforma, o que freia o \u00edmpeto de consumo no setor. Diante disso, a proje\u00e7\u00e3o de crescimento para 2025 foi revista de 1,1% para 0,62%. Para 2026, a expectativa de retra\u00e7\u00e3o passou de 1,7% para 1,42%. O enfraquecimento da demanda reflete, tamb\u00e9m, a press\u00e3o dos pre\u00e7os, o<a href=\"https:\/\/sincomavi.org.br\/?p=14556\" target=\"_blank\" rel=\"noreferrer noopener\"> <strong>\u00cdndice Nacional de Custo da Constru\u00e7\u00e3o (INCC-M)<\/strong><\/a>, medido pelo IBGE, contou em setembro com uma taxa acumulada apontando para tend\u00eancia de alta da infla\u00e7\u00e3o setorial: 7,07% em 12 meses.\u00a0<\/p>\n\n\n\n<h3 class=\"wp-block-heading\">Mercado de trabalho e cr\u00e9dito<\/h3>\n\n\n\n<p>O relat\u00f3rio abordou ainda a resili\u00eancia do mercado de trabalho, com taxa de desemprego projetada em 5,2% no fim de 2025 e 5,1% em 2026. J\u00e1 o cr\u00e9dito \u00e0 pessoa f\u00edsica apresentou expans\u00e3o relevante nos \u00faltimos cinco anos, somando mais de R$ 1 trilh\u00e3o em valores de agosto de 2024. O montante equivale a cinco pontos percentuais do PIB, representando 33% em agosto \u00faltimo.<\/p>\n\n\n\n<p>Para mais informa\u00e7\u00f5es,<a href=\"https:\/\/app.i-maxpr.com\/x\/1107\/bdf\/bdfaff0a22af1afbd5747d940ce4a80b.pdf\"> <\/a><a href=\"https:\/\/sincomavi.org.br\/wp-content\/uploads\/2025\/09\/fgv-.pdf\" target=\"_blank\" rel=\"noreferrer noopener\"><strong>clique aqui<\/strong> <\/a>e confira o conte\u00fado completo do estudo da FGV. <\/p>\n\n\n\n<hr class=\"wp-block-separator has-alpha-channel-opacity is-style-default\"\/>\n","protected":false},"excerpt":{"rendered":"<p>O Indicador de Tend\u00eancia de Consumo e Varejo (ITCV), calculado pelo Centro de Excel\u00eancia em Varejo da Funda\u00e7\u00e3o Getulio Vargas (FGVcev), mostra que o com\u00e9rcio varejista deve encerrar 2025 com crescimento de 0,90%. Para 2026, a estimativa \u00e9 mais favor\u00e1vel, com avan\u00e7o de 2,08%. Esse cen\u00e1rio n\u00e3o \u00e9 compartilhado com o segmento de material de [&hellip;]<\/p>\n","protected":false},"author":1,"featured_media":14577,"comment_status":"closed","ping_status":"open","sticky":false,"template":"","format":"standard","meta":{"tdm_status":"","tdm_grid_status":"","footnotes":""},"categories":[153],"tags":[199,156,632,309,1641,620,158,160,200,75],"class_list":["post-14574","post","type-post","status-publish","format-standard","has-post-thumbnail","hentry","category-noticias","tag-comercio","tag-economia","tag-estudo-setorial","tag-fgv","tag-itcv","tag-levantamento","tag-material-de-construcao","tag-pesquisa","tag-varejo","tag-vendas"],"amp_enabled":true,"_links":{"self":[{"href":"https:\/\/sincomavi.org.br\/index.php?rest_route=\/wp\/v2\/posts\/14574","targetHints":{"allow":["GET"]}}],"collection":[{"href":"https:\/\/sincomavi.org.br\/index.php?rest_route=\/wp\/v2\/posts"}],"about":[{"href":"https:\/\/sincomavi.org.br\/index.php?rest_route=\/wp\/v2\/types\/post"}],"author":[{"embeddable":true,"href":"https:\/\/sincomavi.org.br\/index.php?rest_route=\/wp\/v2\/users\/1"}],"replies":[{"embeddable":true,"href":"https:\/\/sincomavi.org.br\/index.php?rest_route=%2Fwp%2Fv2%2Fcomments&post=14574"}],"version-history":[{"count":1,"href":"https:\/\/sincomavi.org.br\/index.php?rest_route=\/wp\/v2\/posts\/14574\/revisions"}],"predecessor-version":[{"id":14578,"href":"https:\/\/sincomavi.org.br\/index.php?rest_route=\/wp\/v2\/posts\/14574\/revisions\/14578"}],"wp:featuredmedia":[{"embeddable":true,"href":"https:\/\/sincomavi.org.br\/index.php?rest_route=\/wp\/v2\/media\/14577"}],"wp:attachment":[{"href":"https:\/\/sincomavi.org.br\/index.php?rest_route=%2Fwp%2Fv2%2Fmedia&parent=14574"}],"wp:term":[{"taxonomy":"category","embeddable":true,"href":"https:\/\/sincomavi.org.br\/index.php?rest_route=%2Fwp%2Fv2%2Fcategories&post=14574"},{"taxonomy":"post_tag","embeddable":true,"href":"https:\/\/sincomavi.org.br\/index.php?rest_route=%2Fwp%2Fv2%2Ftags&post=14574"}],"curies":[{"name":"wp","href":"https:\/\/api.w.org\/{rel}","templated":true}]}}