{"id":14559,"date":"2025-09-29T09:23:00","date_gmt":"2025-09-29T12:23:00","guid":{"rendered":"https:\/\/sincomavi.org.br\/?p=14559"},"modified":"2025-09-26T10:51:29","modified_gmt":"2025-09-26T13:51:29","slug":"do-bairro-para-o-mundo-a-trajetoria-de-um-empreendimento","status":"publish","type":"post","link":"https:\/\/sincomavi.org.br\/?p=14559","title":{"rendered":"Do bairro para o mundo: a trajet\u00f3ria de um empreendimento"},"content":{"rendered":"\n<hr class=\"wp-block-separator has-alpha-channel-opacity is-style-default\"\/>\n\n\n<div class=\"wp-block-post-date\"><time datetime=\"2025-09-29T09:23:00-03:00\">29 de setembro de 2025<\/time><\/div>\n\n\n<p>Chega \u00e0s livrarias neste m\u00eas A arte de empreender do zero: Como tirar do papel e construir um neg\u00f3cio com prop\u00f3sito, publicado pela Buzz Editora. A obra apresenta a trajet\u00f3ria de Elias Torres, conhecido como \u201cSeu Elias\u201d, que iniciou a carreira como barbeiro aos 13 anos e construiu um grupo empresarial de alcance internacional no setor de beleza masculina e educa\u00e7\u00e3o profissional.<\/p>\n\n\n\n<p>A primeira barbearia da marca foi aberta em Belo Horizonte quando Elias tinha 26 anos, com R$ 30 mil obtidos no limite do cheque especial. Dois anos depois, enfrentava uma d\u00edvida de R$ 600 mil. A crise foi ponto de virada para o crescimento do neg\u00f3cio, que em 2024 faturou R$ 24 milh\u00f5es e projeta alcan\u00e7ar R$ 65 milh\u00f5es at\u00e9 2028. Atualmente, a rede conta com 12 opera\u00e7\u00f5es pr\u00f3prias e franqueadas em Minas Gerais e no interior de S\u00e3o Paulo, al\u00e9m da sede em Alphaville, reunindo mais de 160 colaboradores.<\/p>\n\n\n<style>.kb-image14559_205846-75.kb-image-is-ratio-size, .kb-image14559_205846-75 .kb-image-is-ratio-size{max-width:189px;width:100%;}.wp-block-kadence-column > .kt-inside-inner-col > .kb-image14559_205846-75.kb-image-is-ratio-size, .wp-block-kadence-column > .kt-inside-inner-col > .kb-image14559_205846-75 .kb-image-is-ratio-size{align-self:unset;}.kb-image14559_205846-75 figure{max-width:189px;}.kb-image14559_205846-75 .image-is-svg, .kb-image14559_205846-75 .image-is-svg img{width:100%;}.kb-image14559_205846-75 .kb-image-has-overlay:after{opacity:0.3;}<\/style>\n<div class=\"wp-block-kadence-image kb-image14559_205846-75\"><figure class=\"alignleft size-full\"><img loading=\"lazy\" decoding=\"async\" width=\"300\" height=\"475\" src=\"https:\/\/sincomavi.org.br\/wp-content\/uploads\/2025\/09\/barbearia.jpg\" alt=\"\" class=\"kb-img wp-image-14560\" srcset=\"https:\/\/sincomavi.org.br\/wp-content\/uploads\/2025\/09\/barbearia.jpg 300w, https:\/\/sincomavi.org.br\/wp-content\/uploads\/2025\/09\/barbearia-189x300.jpg 189w, https:\/\/sincomavi.org.br\/wp-content\/uploads\/2025\/09\/barbearia-265x420.jpg 265w\" sizes=\"auto, (max-width: 300px) 100vw, 300px\" \/><\/figure><\/div>\n\n\n\n<p>O ecossistema da marca inclui servi\u00e7os premium de beleza masculina, a linha Baboon Cosm\u00e9ticos, a barbearia infantil Seu Elias Kids e experi\u00eancias personalizadas. No campo educacional, destaca-se a Barber Day University, considerada a primeira universidade de barbearia do mundo, com cursos presenciais e online. Segundo o empres\u00e1rio, mais de 100 mil profissionais j\u00e1 foram formados em mais de 100 pa\u00edses. \u201cO que era apenas uma barbearia se tornou uma escola de neg\u00f3cios. Hoje, transformamos vidas por meio do conhecimento, da t\u00e9cnica e da mentalidade de crescimento\u201d, afirma.<\/p>\n\n\n\n<p>O livro tamb\u00e9m aborda iniciativas como o Seu Elias Experience, atendimento que une corte de cabelo e consultoria de imagem e neg\u00f3cios, que j\u00e1 recebeu clientes como Messi, Neymar e Ronaldinho Ga\u00facho. Elias tamb\u00e9m atua como palestrante e organizou em 2025 a Barber Day Conference, que reuniu 4 mil profissionais em S\u00e3o Paulo. Parte da renda foi revertida ao Projeto Crescer, que mant\u00e9m escolas e igrejas em Mo\u00e7ambique e barbearias-escola em centros de recupera\u00e7\u00e3o de dependentes qu\u00edmicos no Brasil. \u201cLucro sem impacto \u00e9 s\u00f3 n\u00famero. A minha miss\u00e3o \u00e9 gerar prosperidade que transborde para outros\u201d, destaca.<\/p>\n\n\n\n<hr class=\"wp-block-separator has-alpha-channel-opacity is-style-default\"\/>\n","protected":false},"excerpt":{"rendered":"<p>Chega \u00e0s livrarias neste m\u00eas A arte de empreender do zero: Como tirar do papel e construir um neg\u00f3cio com prop\u00f3sito, publicado pela Buzz Editora. A obra apresenta a trajet\u00f3ria de Elias Torres, conhecido como \u201cSeu Elias\u201d, que iniciou a carreira como barbeiro aos 13 anos e construiu um grupo empresarial de alcance internacional no [&hellip;]<\/p>\n","protected":false},"author":1,"featured_media":14566,"comment_status":"closed","ping_status":"open","sticky":false,"template":"","format":"standard","meta":{"tdm_status":"","tdm_grid_status":"","footnotes":""},"categories":[153],"tags":[1165,32,1329,221],"class_list":["post-14559","post","type-post","status-publish","format-standard","has-post-thumbnail","hentry","category-noticias","tag-empreendimento","tag-gestao","tag-livro","tag-sucesso"],"amp_enabled":true,"_links":{"self":[{"href":"https:\/\/sincomavi.org.br\/index.php?rest_route=\/wp\/v2\/posts\/14559","targetHints":{"allow":["GET"]}}],"collection":[{"href":"https:\/\/sincomavi.org.br\/index.php?rest_route=\/wp\/v2\/posts"}],"about":[{"href":"https:\/\/sincomavi.org.br\/index.php?rest_route=\/wp\/v2\/types\/post"}],"author":[{"embeddable":true,"href":"https:\/\/sincomavi.org.br\/index.php?rest_route=\/wp\/v2\/users\/1"}],"replies":[{"embeddable":true,"href":"https:\/\/sincomavi.org.br\/index.php?rest_route=%2Fwp%2Fv2%2Fcomments&post=14559"}],"version-history":[{"count":2,"href":"https:\/\/sincomavi.org.br\/index.php?rest_route=\/wp\/v2\/posts\/14559\/revisions"}],"predecessor-version":[{"id":14567,"href":"https:\/\/sincomavi.org.br\/index.php?rest_route=\/wp\/v2\/posts\/14559\/revisions\/14567"}],"wp:featuredmedia":[{"embeddable":true,"href":"https:\/\/sincomavi.org.br\/index.php?rest_route=\/wp\/v2\/media\/14566"}],"wp:attachment":[{"href":"https:\/\/sincomavi.org.br\/index.php?rest_route=%2Fwp%2Fv2%2Fmedia&parent=14559"}],"wp:term":[{"taxonomy":"category","embeddable":true,"href":"https:\/\/sincomavi.org.br\/index.php?rest_route=%2Fwp%2Fv2%2Fcategories&post=14559"},{"taxonomy":"post_tag","embeddable":true,"href":"https:\/\/sincomavi.org.br\/index.php?rest_route=%2Fwp%2Fv2%2Ftags&post=14559"}],"curies":[{"name":"wp","href":"https:\/\/api.w.org\/{rel}","templated":true}]}}