{"id":14556,"date":"2025-09-25T14:55:22","date_gmt":"2025-09-25T17:55:22","guid":{"rendered":"https:\/\/sincomavi.org.br\/?p=14556"},"modified":"2025-09-25T14:55:23","modified_gmt":"2025-09-25T17:55:23","slug":"incc-m-conta-com-alta-de-021-em-setembro","status":"publish","type":"post","link":"https:\/\/sincomavi.org.br\/?p=14556","title":{"rendered":"INCC-M conta com alta de 0,21% em setembro"},"content":{"rendered":"\n<hr class=\"wp-block-separator has-alpha-channel-opacity is-style-default\"\/>\n\n\n<div class=\"wp-block-post-date\"><time datetime=\"2025-09-25T14:55:22-03:00\">25 de setembro de 2025<\/time><\/div>\n\n\n<p>Tendo como maior influ\u00eancia a m\u00e3o de obra, o \u00cdndice Nacional de Custo da Constru\u00e7\u00e3o \u2013 M (INCC-M), medido pelo Instituto Brasileiro de Economia da Funda\u00e7\u00e3o Getulio Vargas (FGV-IBRE), sofreu uma eleva\u00e7\u00e3o de 0,21% em setembro, resultado abaixo do registrado no m\u00eas anterior (0,70%). Apesar da menor intensidade do aumento, a taxa acumulada mostra que os custos da constru\u00e7\u00e3o prosseguem em tend\u00eancia de alta ao atingir 7,07% em 12 meses. Para dar ideia do quadro apresentado, o indicador acumulou alta de 5,23% para o mesmo per\u00edodo de compara\u00e7\u00e3o em setembro do ano passado.<\/p>\n\n\n\n<p>Enquanto o grupo de Materiais, Equipamentos e Servi\u00e7os caiu 0,03%, os custos com pessoal subiram 0,54%. \u00c9 preciso lembrar, no entanto, que a varia\u00e7\u00e3o do \u00edndice de M\u00e3o de Obra contou com recuo expressivo em setembro, uma vez que essa categoria havia chegado a 0,85% em agosto de 2025.<br>&nbsp;<\/p>\n\n\n\n<p>Entre os itens da constru\u00e7\u00e3o com maior varia\u00e7\u00e3o de pre\u00e7os, destacam-se massa de concreto (0,52%), tubos e conex\u00f5es de PVC (0,77%), vergalh\u00f5es e arames de a\u00e7o ao carbono (-2,12%), tela de a\u00e7o soldada para concreto (-2,20%), vidros (-0,95%), bandeja de prote\u00e7\u00e3o &#8211; prim\u00e1ria e secund\u00e1ria (-0,53%) e condutores el\u00e9tricos (-0,44%).<\/p>\n\n\n\n<h2 class=\"wp-block-heading\">Confian\u00e7a sobe<\/h2>\n\n\n\n<p>A Funda\u00e7\u00e3o Getulio Vargas divulgou tamb\u00e9m o \u00cdndice de Confian\u00e7a da Constru\u00e7\u00e3o (ICST), que conseguiu se recuperar depois de dois recuos consecutivos. Em setembro, esse indicador avan\u00e7ou 0,7 ponto em setembro, chegando aos 92,3 pontos. No entanto, na m\u00e9dia m\u00f3vel trimestral, houve queda de 0,6 ponto.<br>&nbsp;<\/p>\n\n\n\n<p>Ana Maria Castelo, coordenadora de Projetos da Constru\u00e7\u00e3o do FGV IBRE, comenta que o empres\u00e1rio da constru\u00e7\u00e3o ficou mais pessimista no terceiro trimestre do ano. \u201cA volatilidade do indicador reflete um cen\u00e1rio de incertezas, mas ainda assim o percentual de empresas que projeta crescimento da demanda se mant\u00e9m acima do que aponta a queda desde abril de 2021. Ou seja, dessa \u00e9poca em diante, prevalece a percep\u00e7\u00e3o de que a atividade continuar\u00e1 a crescer ainda que em ritmo menor\u201d, avalia.<\/p>\n\n\n\n<hr class=\"wp-block-separator has-alpha-channel-opacity is-style-default\"\/>\n","protected":false},"excerpt":{"rendered":"<p>Tendo como maior influ\u00eancia a m\u00e3o de obra, o \u00cdndice Nacional de Custo da Constru\u00e7\u00e3o \u2013 M (INCC-M), medido pelo Instituto Brasileiro de Economia da Funda\u00e7\u00e3o Getulio Vargas (FGV-IBRE), sofreu uma eleva\u00e7\u00e3o de 0,21% em setembro, resultado abaixo do registrado no m\u00eas anterior (0,70%). Apesar da menor intensidade do aumento, a taxa acumulada mostra que [&hellip;]<\/p>\n","protected":false},"author":1,"featured_media":14557,"comment_status":"closed","ping_status":"open","sticky":false,"template":"","format":"standard","meta":{"tdm_status":"","tdm_grid_status":"","footnotes":""},"categories":[153],"tags":[199,618,1163,156,966,619,331,620,158,160,237,200],"class_list":["post-14556","post","type-post","status-publish","format-standard","has-post-thumbnail","hentry","category-noticias","tag-comercio","tag-construcao-civil","tag-custos","tag-economia","tag-fgv-ibre-2","tag-incc-m","tag-inflacao","tag-levantamento","tag-material-de-construcao","tag-pesquisa","tag-precos","tag-varejo"],"amp_enabled":true,"_links":{"self":[{"href":"https:\/\/sincomavi.org.br\/index.php?rest_route=\/wp\/v2\/posts\/14556","targetHints":{"allow":["GET"]}}],"collection":[{"href":"https:\/\/sincomavi.org.br\/index.php?rest_route=\/wp\/v2\/posts"}],"about":[{"href":"https:\/\/sincomavi.org.br\/index.php?rest_route=\/wp\/v2\/types\/post"}],"author":[{"embeddable":true,"href":"https:\/\/sincomavi.org.br\/index.php?rest_route=\/wp\/v2\/users\/1"}],"replies":[{"embeddable":true,"href":"https:\/\/sincomavi.org.br\/index.php?rest_route=%2Fwp%2Fv2%2Fcomments&post=14556"}],"version-history":[{"count":1,"href":"https:\/\/sincomavi.org.br\/index.php?rest_route=\/wp\/v2\/posts\/14556\/revisions"}],"predecessor-version":[{"id":14558,"href":"https:\/\/sincomavi.org.br\/index.php?rest_route=\/wp\/v2\/posts\/14556\/revisions\/14558"}],"wp:featuredmedia":[{"embeddable":true,"href":"https:\/\/sincomavi.org.br\/index.php?rest_route=\/wp\/v2\/media\/14557"}],"wp:attachment":[{"href":"https:\/\/sincomavi.org.br\/index.php?rest_route=%2Fwp%2Fv2%2Fmedia&parent=14556"}],"wp:term":[{"taxonomy":"category","embeddable":true,"href":"https:\/\/sincomavi.org.br\/index.php?rest_route=%2Fwp%2Fv2%2Fcategories&post=14556"},{"taxonomy":"post_tag","embeddable":true,"href":"https:\/\/sincomavi.org.br\/index.php?rest_route=%2Fwp%2Fv2%2Ftags&post=14556"}],"curies":[{"name":"wp","href":"https:\/\/api.w.org\/{rel}","templated":true}]}}