{"id":14532,"date":"2025-09-24T13:55:26","date_gmt":"2025-09-24T16:55:26","guid":{"rendered":"https:\/\/sincomavi.org.br\/?p=14532"},"modified":"2025-09-24T13:55:45","modified_gmt":"2025-09-24T16:55:45","slug":"vendas-de-material-de-construcao-recuam-pelo-segundo-mes-seguido-em-sp","status":"publish","type":"post","link":"https:\/\/sincomavi.org.br\/?p=14532","title":{"rendered":"Vendas de material de constru\u00e7\u00e3o recuam pelo segundo m\u00eas seguido"},"content":{"rendered":"\n<hr class=\"wp-block-separator has-alpha-channel-opacity is-style-default\"\/>\n\n\n<div class=\"wp-block-post-date\"><time datetime=\"2025-09-24T13:55:26-03:00\">24 de setembro de 2025<\/time><\/div>\n\n\n<p>Depois de ter ca\u00eddo 6,6% em junho, o volume de vendas do varejo de material de constru\u00e7\u00e3o no Estado de S\u00e3o Paulo recuou 7,1% no s\u00e9timo m\u00eas de 2025 &#8211; em ambos os casos se comparado aos per\u00edodos id\u00eanticos do ano passado. Os dados fazem parte da Pesquisa Mensal do Com\u00e9rcio, do Instituto Brasileiro de Geografia e Estat\u00edstica (IBGE). No pa\u00eds, o com\u00e9rcio de material de constru\u00e7\u00e3o tamb\u00e9m apresentou retra\u00e7\u00e3o em julho, de 2,6%, ainda assim, resultado foi mais ameno que o do plano estadual e menos agudo daquele registrado no m\u00eas anterior (-3,8%).<\/p>\n\n\n\n<h2 class=\"wp-block-heading has-text-align-center\"><strong>Evolu\u00e7\u00e3o mensal do \u00edndice de volume de vendas do com\u00e9rcio de material de constru\u00e7\u00e3o \u2013 M\u00eas contra mesmo m\u00eas do ano anterior<\/strong><\/h2>\n\n\n<style>.kb-image14532_60ff97-8f .kb-image-has-overlay:after{opacity:0.3;}<\/style>\n<div class=\"wp-block-kadence-image kb-image14532_60ff97-8f\"><figure class=\"aligncenter size-full\"><img loading=\"lazy\" decoding=\"async\" width=\"512\" height=\"326\" src=\"https:\/\/sincomavi.org.br\/wp-content\/uploads\/2025\/09\/1.png\" alt=\"\" class=\"kb-img wp-image-14533\" srcset=\"https:\/\/sincomavi.org.br\/wp-content\/uploads\/2025\/09\/1.png 512w, https:\/\/sincomavi.org.br\/wp-content\/uploads\/2025\/09\/1-300x191.png 300w\" sizes=\"auto, (max-width: 512px) 100vw, 512px\" \/><\/figure><\/div>\n\n\n\n<p><strong>Fonte: PMC\/IBGE<\/strong><\/p>\n\n\n\n<p>Com essa segunda queda seguida, o volume de vendas de material de constru\u00e7\u00e3o na economia paulista acumula estabilidade no ano, com um residual aumento de 0,1%. Em territ\u00f3rio nacional este indicador \u00e9 positivo em 1,8%. J\u00e1 em 12 meses, dado novamente a este cen\u00e1rio negativo recente, acumula-se um avan\u00e7o de apenas 2,7% no Estado de S\u00e3o Paulo, abaixo dos 3,8% verificados no mercado brasileiro.&nbsp;<\/p>\n\n\n\n<h2 class=\"wp-block-heading has-text-align-center\"><strong>Evolu\u00e7\u00e3o do \u00edndice de volume de vendas do com\u00e9rcio de material de constru\u00e7\u00e3o do Estado de S\u00e3o Paulo \u2013 Taxa acumulada de 12 meses<\/strong><\/h2>\n\n\n<style>.kb-image14532_b0d975-e9 .kb-image-has-overlay:after{opacity:0.3;}<\/style>\n<div class=\"wp-block-kadence-image kb-image14532_b0d975-e9\"><figure class=\"aligncenter size-full\"><img loading=\"lazy\" decoding=\"async\" width=\"512\" height=\"307\" src=\"https:\/\/sincomavi.org.br\/wp-content\/uploads\/2025\/09\/12.png\" alt=\"\" class=\"kb-img wp-image-14534\" srcset=\"https:\/\/sincomavi.org.br\/wp-content\/uploads\/2025\/09\/12.png 512w, https:\/\/sincomavi.org.br\/wp-content\/uploads\/2025\/09\/12-300x180.png 300w\" sizes=\"auto, (max-width: 512px) 100vw, 512px\" \/><\/figure><\/div>\n\n\n\n<p><strong>Fonte: PMC\/IBGE<\/strong><\/p>\n\n\n\n<p>M\u00eas a m\u00eas o processo de enfraquecimento do ritmo de vendas do com\u00e9rcio de material de constru\u00e7\u00e3o no estado de S\u00e3o Paulo em 2025 tem se mostrado constante. \u201cOs n\u00fameros de julho apenas confirmam esta trajet\u00f3ria, que parece realmente se consolidar\u201d, admite o economista Jaime Vasconcellos. E complementa: \u201cA despeito do efeito calend\u00e1rio, com uma base forte de compara\u00e7\u00e3o a julho de 2024, per\u00edodo no qual as vendas haviam subido em quase 11%, o que se v\u00ea \u00e9 que o setor acompanha a tend\u00eancia de desacelera\u00e7\u00e3o da economia brasileira para este segundo semestre\u201d. Em sua opini\u00e3o, o agravante \u00e9 tratar-se de um segmento dependente mais do que da renda, tamb\u00e9m do cr\u00e9dito aos consumidores, portanto, com juros altos e n\u00edveis tamb\u00e9m elevados de endividamento e inadimpl\u00eancia, sente-se mais r\u00e1pido e mais profundamente o atual cen\u00e1rio de consumo das fam\u00edlias.&nbsp;&nbsp;<\/p>\n\n\n\n<p class=\"has-small-font-size\"><strong>OBS: O Volume de Vendas observado pela PMC resulta da defla\u00e7\u00e3o dos valores nominais correntes da receita bruta de revenda<\/strong> <strong>por \u00edndices de pre\u00e7os espec\u00edficos para cada grupo de atividade, e para cada Unidade da Federa\u00e7\u00e3o, constru\u00eddos a partir dos relativos de pre\u00e7os do IPCA e do Sistema Nacional de Pesquisa de Custos e \u00cdndices da Constru\u00e7\u00e3o Civil \u2013 SINAPI. A pesquisa tamb\u00e9m avalia apenas empresas com 20 ocupados ou mais.&nbsp;<\/strong><\/p>\n\n\n\n<hr class=\"wp-block-separator has-alpha-channel-opacity is-style-default\"\/>\n","protected":false},"excerpt":{"rendered":"<p>Depois de ter ca\u00eddo 6,6% em junho, o volume de vendas do varejo de material de constru\u00e7\u00e3o no Estado de S\u00e3o Paulo recuou 7,1% no s\u00e9timo m\u00eas de 2025 &#8211; em ambos os casos se comparado aos per\u00edodos id\u00eanticos do ano passado. Os dados fazem parte da Pesquisa Mensal do Com\u00e9rcio, do Instituto Brasileiro de [&hellip;]<\/p>\n","protected":false},"author":1,"featured_media":14535,"comment_status":"closed","ping_status":"open","sticky":false,"template":"","format":"standard","meta":{"tdm_status":"","tdm_grid_status":"","footnotes":""},"categories":[153],"tags":[199,156,632,161,620,158,160,665,162,1319,200,75],"class_list":["post-14532","post","type-post","status-publish","format-standard","has-post-thumbnail","hentry","category-noticias","tag-comercio","tag-economia","tag-estudo-setorial","tag-ibge","tag-levantamento","tag-material-de-construcao","tag-pesquisa","tag-pesquisa-mensal-do-comercio","tag-pmc","tag-pmc-ibge","tag-varejo","tag-vendas"],"amp_enabled":true,"_links":{"self":[{"href":"https:\/\/sincomavi.org.br\/index.php?rest_route=\/wp\/v2\/posts\/14532","targetHints":{"allow":["GET"]}}],"collection":[{"href":"https:\/\/sincomavi.org.br\/index.php?rest_route=\/wp\/v2\/posts"}],"about":[{"href":"https:\/\/sincomavi.org.br\/index.php?rest_route=\/wp\/v2\/types\/post"}],"author":[{"embeddable":true,"href":"https:\/\/sincomavi.org.br\/index.php?rest_route=\/wp\/v2\/users\/1"}],"replies":[{"embeddable":true,"href":"https:\/\/sincomavi.org.br\/index.php?rest_route=%2Fwp%2Fv2%2Fcomments&post=14532"}],"version-history":[{"count":2,"href":"https:\/\/sincomavi.org.br\/index.php?rest_route=\/wp\/v2\/posts\/14532\/revisions"}],"predecessor-version":[{"id":14537,"href":"https:\/\/sincomavi.org.br\/index.php?rest_route=\/wp\/v2\/posts\/14532\/revisions\/14537"}],"wp:featuredmedia":[{"embeddable":true,"href":"https:\/\/sincomavi.org.br\/index.php?rest_route=\/wp\/v2\/media\/14535"}],"wp:attachment":[{"href":"https:\/\/sincomavi.org.br\/index.php?rest_route=%2Fwp%2Fv2%2Fmedia&parent=14532"}],"wp:term":[{"taxonomy":"category","embeddable":true,"href":"https:\/\/sincomavi.org.br\/index.php?rest_route=%2Fwp%2Fv2%2Fcategories&post=14532"},{"taxonomy":"post_tag","embeddable":true,"href":"https:\/\/sincomavi.org.br\/index.php?rest_route=%2Fwp%2Fv2%2Ftags&post=14532"}],"curies":[{"name":"wp","href":"https:\/\/api.w.org\/{rel}","templated":true}]}}