{"id":14512,"date":"2025-09-22T10:14:12","date_gmt":"2025-09-22T13:14:12","guid":{"rendered":"https:\/\/sincomavi.org.br\/?p=14512"},"modified":"2025-09-22T10:14:13","modified_gmt":"2025-09-22T13:14:13","slug":"atividade-economica-dos-pequenos-negocios-desacelera-em-agosto","status":"publish","type":"post","link":"https:\/\/sincomavi.org.br\/?p=14512","title":{"rendered":"Atividade econ\u00f4mica dos pequenos neg\u00f3cios desacelera em agosto"},"content":{"rendered":"\n<hr class=\"wp-block-separator has-alpha-channel-opacity is-style-default\"\/>\n\n\n<div class=\"wp-block-post-date\"><time datetime=\"2025-09-22T10:14:12-03:00\">22 de setembro de 2025<\/time><\/div>\n\n\n<p>A atividade econ\u00f4mica dos micro e pequenos empreendedores apresentou retra\u00e7\u00e3o em agosto, segundo o \u00cdndice SumUp do Microempreendedor (ISM). O indicador atingiu 100,18 pontos no per\u00edodo, o que representa queda de 1,45% em rela\u00e7\u00e3o a julho e de 9,97% frente ao mesmo m\u00eas de 2024.<\/p>\n\n\n\n<p>De acordo com a SumUp, empresa global de tecnologia e solu\u00e7\u00f5es financeiras respons\u00e1vel pelo levantamento, a varia\u00e7\u00e3o mensal est\u00e1 associada \u00e0 sazonalidade. Lilian Parola, economista e diretora de Mercado de Capitais e Tesouraria da companhia para a Am\u00e9rica Latina, comenta que a retra\u00e7\u00e3o do ISM entre julho e agosto est\u00e1 ligada a fatores sazonais, pois agosto tradicionalmente apresenta menor dinamismo ap\u00f3s o impulso das f\u00e9rias escolares do m\u00eas anterior. &#8220;J\u00e1 a queda em compara\u00e7\u00e3o ao ano passado pode ser atribu\u00edda aos juros mais altos de 2025, que restringem o cr\u00e9dito e o consumo e influenciam negativamente \u00e0s empresas\u201d, destaca.<\/p>\n\n\n<style>.kb-image14512_f30963-c1.kb-image-is-ratio-size, .kb-image14512_f30963-c1 .kb-image-is-ratio-size{max-width:561px;width:100%;}.wp-block-kadence-column > .kt-inside-inner-col > .kb-image14512_f30963-c1.kb-image-is-ratio-size, .wp-block-kadence-column > .kt-inside-inner-col > .kb-image14512_f30963-c1 .kb-image-is-ratio-size{align-self:unset;}.kb-image14512_f30963-c1 figure{max-width:561px;}.kb-image14512_f30963-c1 .image-is-svg, .kb-image14512_f30963-c1 .image-is-svg img{width:100%;}.kb-image14512_f30963-c1 .kb-image-has-overlay:after{opacity:0.3;}<\/style>\n<div class=\"wp-block-kadence-image kb-image14512_f30963-c1\"><figure class=\"aligncenter size-large\"><img loading=\"lazy\" decoding=\"async\" width=\"1024\" height=\"588\" src=\"https:\/\/sincomavi.org.br\/wp-content\/uploads\/2025\/09\/sum-1024x588.png\" alt=\"\" class=\"kb-img wp-image-14513\" srcset=\"https:\/\/sincomavi.org.br\/wp-content\/uploads\/2025\/09\/sum-1024x588.png 1024w, https:\/\/sincomavi.org.br\/wp-content\/uploads\/2025\/09\/sum-300x172.png 300w, https:\/\/sincomavi.org.br\/wp-content\/uploads\/2025\/09\/sum-768x441.png 768w, https:\/\/sincomavi.org.br\/wp-content\/uploads\/2025\/09\/sum-731x420.png 731w, https:\/\/sincomavi.org.br\/wp-content\/uploads\/2025\/09\/sum-640x368.png 640w, https:\/\/sincomavi.org.br\/wp-content\/uploads\/2025\/09\/sum-681x391.png 681w, https:\/\/sincomavi.org.br\/wp-content\/uploads\/2025\/09\/sum.png 1189w\" sizes=\"auto, (max-width: 1024px) 100vw, 1024px\" \/><\/figure><\/div>\n\n\n\n<p class=\"has-text-align-right\"><strong>Fonte: SumUp<\/strong><\/p>\n\n\n\n<p>O recorte regional mostra que, em S\u00e3o Paulo, principal mercado do pa\u00eds, o \u00edndice atingiu 99,81 pontos em agosto. Embora tenha havido leve alta de 0,53% em rela\u00e7\u00e3o ao m\u00eas anterior, o desempenho ainda representa recuo de 8,17% em compara\u00e7\u00e3o ao mesmo per\u00edodo de 2024.<\/p>\n\n\n\n<p>Os resultados refor\u00e7am o cen\u00e1rio de maior cautela no ambiente de neg\u00f3cios, especialmente entre os pequenos empreendedores, que seguem pressionados por juros elevados e cr\u00e9dito mais restrito.<\/p>\n\n\n\n<hr class=\"wp-block-separator has-alpha-channel-opacity is-style-default\"\/>\n","protected":false},"excerpt":{"rendered":"<p>A atividade econ\u00f4mica dos micro e pequenos empreendedores apresentou retra\u00e7\u00e3o em agosto, segundo o \u00cdndice SumUp do Microempreendedor (ISM). O indicador atingiu 100,18 pontos no per\u00edodo, o que representa queda de 1,45% em rela\u00e7\u00e3o a julho e de 9,97% frente ao mesmo m\u00eas de 2024. De acordo com a SumUp, empresa global de tecnologia e [&hellip;]<\/p>\n","protected":false},"author":1,"featured_media":14514,"comment_status":"closed","ping_status":"open","sticky":false,"template":"","format":"standard","meta":{"tdm_status":"","tdm_grid_status":"","footnotes":""},"categories":[153],"tags":[199,156,620,160,75],"class_list":["post-14512","post","type-post","status-publish","format-standard","has-post-thumbnail","hentry","category-noticias","tag-comercio","tag-economia","tag-levantamento","tag-pesquisa","tag-vendas"],"amp_enabled":true,"_links":{"self":[{"href":"https:\/\/sincomavi.org.br\/index.php?rest_route=\/wp\/v2\/posts\/14512","targetHints":{"allow":["GET"]}}],"collection":[{"href":"https:\/\/sincomavi.org.br\/index.php?rest_route=\/wp\/v2\/posts"}],"about":[{"href":"https:\/\/sincomavi.org.br\/index.php?rest_route=\/wp\/v2\/types\/post"}],"author":[{"embeddable":true,"href":"https:\/\/sincomavi.org.br\/index.php?rest_route=\/wp\/v2\/users\/1"}],"replies":[{"embeddable":true,"href":"https:\/\/sincomavi.org.br\/index.php?rest_route=%2Fwp%2Fv2%2Fcomments&post=14512"}],"version-history":[{"count":1,"href":"https:\/\/sincomavi.org.br\/index.php?rest_route=\/wp\/v2\/posts\/14512\/revisions"}],"predecessor-version":[{"id":14515,"href":"https:\/\/sincomavi.org.br\/index.php?rest_route=\/wp\/v2\/posts\/14512\/revisions\/14515"}],"wp:featuredmedia":[{"embeddable":true,"href":"https:\/\/sincomavi.org.br\/index.php?rest_route=\/wp\/v2\/media\/14514"}],"wp:attachment":[{"href":"https:\/\/sincomavi.org.br\/index.php?rest_route=%2Fwp%2Fv2%2Fmedia&parent=14512"}],"wp:term":[{"taxonomy":"category","embeddable":true,"href":"https:\/\/sincomavi.org.br\/index.php?rest_route=%2Fwp%2Fv2%2Fcategories&post=14512"},{"taxonomy":"post_tag","embeddable":true,"href":"https:\/\/sincomavi.org.br\/index.php?rest_route=%2Fwp%2Fv2%2Ftags&post=14512"}],"curies":[{"name":"wp","href":"https:\/\/api.w.org\/{rel}","templated":true}]}}