{"id":14495,"date":"2025-09-19T15:01:16","date_gmt":"2025-09-19T18:01:16","guid":{"rendered":"https:\/\/sincomavi.org.br\/?p=14495"},"modified":"2025-09-19T15:01:17","modified_gmt":"2025-09-19T18:01:17","slug":"confianca-do-empresario-paulistano-recua-e-volta-a-faixa-de-pessimismo","status":"publish","type":"post","link":"https:\/\/sincomavi.org.br\/?p=14495","title":{"rendered":"Confian\u00e7a do empres\u00e1rio paulistano recua e volta \u00e0 faixa de pessimismo"},"content":{"rendered":"\n<hr class=\"wp-block-separator has-alpha-channel-opacity is-style-default\"\/>\n\n\n<div class=\"wp-block-post-date\"><time datetime=\"2025-09-19T15:01:16-03:00\">19 de setembro de 2025<\/time><\/div>\n\n\n<p>O \u00cdndice de Confian\u00e7a do Empres\u00e1rio do Com\u00e9rcio (ICEC), medido pela Federa\u00e7\u00e3o do Com\u00e9rcio de Bens, Servi\u00e7os e Turismo do Estado de S\u00e3o Paulo (FecomercioSP), voltou a indicar pessimismo em agosto. Ap\u00f3s tr\u00eas altas consecutivas, o indicador recuou 3%, passando de 102,8 pontos em julho para 99,8 pontos, abaixo da linha dos 100 pontos que separa otimismo de pessimismo. Na compara\u00e7\u00e3o anual, a queda foi de 8%.<\/p>\n\n\n\n<p>A retra\u00e7\u00e3o foi observada nos tr\u00eas componentes do ICEC. O \u00cdndice de Expectativas do Empres\u00e1rio do Com\u00e9rcio (IEEC) caiu 4,1% e atingiu 123,2 pontos, ainda em terreno positivo, mas com recuo de 11,1% em rela\u00e7\u00e3o a agosto de 2024. De acordo com a FecomercioSP, o aumento de impostos, a aus\u00eancia de corte de gastos p\u00fablicos e a manuten\u00e7\u00e3o de juros elevados t\u00eam impactado diretamente as proje\u00e7\u00f5es do empresariado. Apesar de o segundo semestre ser, historicamente, o mais favor\u00e1vel para as vendas, o cen\u00e1rio atual \u00e9 de cautela diante da desacelera\u00e7\u00e3o da atividade econ\u00f4mica.<\/p>\n\n\n\n<h2 class=\"wp-block-heading has-text-align-center\"><strong>\u00cdndice de Confian\u00e7a do Empres\u00e1rio do Com\u00e9rcio (ICEC)<\/strong><br>S\u00e9rie hist\u00f3rica \u2014 13 meses<\/h2>\n\n\n<style>.kb-image14495_478743-ad .kb-image-has-overlay:after{opacity:0.3;}<\/style>\n<div class=\"wp-block-kadence-image kb-image14495_478743-ad\"><figure class=\"aligncenter size-full\"><img loading=\"lazy\" decoding=\"async\" width=\"552\" height=\"313\" src=\"https:\/\/sincomavi.org.br\/wp-content\/uploads\/2025\/09\/icec.jpg\" alt=\"\" class=\"kb-img wp-image-14496\" srcset=\"https:\/\/sincomavi.org.br\/wp-content\/uploads\/2025\/09\/icec.jpg 552w, https:\/\/sincomavi.org.br\/wp-content\/uploads\/2025\/09\/icec-300x170.jpg 300w\" sizes=\"auto, (max-width: 552px) 100vw, 552px\" \/><\/figure><\/div>\n\n\n\n<p class=\"has-text-align-right\"><strong>Fonte: FecomercioSP<\/strong><\/p>\n\n\n\n<p>O \u00cdndice das Condi\u00e7\u00f5es Atuais do Empres\u00e1rio do Com\u00e9rcio (ICAEC) registrou queda de 3,2% e ficou em 73,9 pontos, n\u00edvel 11,4% inferior ao de agosto do ano passado. O sub\u00edndice completa 30 meses consecutivos abaixo da linha dos 100 pontos. J\u00e1 o \u00cdndice de Investimento do Empres\u00e1rio do Com\u00e9rcio (IIEC) recuou 1,4%, chegando a 102,3 pontos, mantendo-se na zona de otimismo.<\/p>\n\n\n\n<p>Al\u00e9m do ICEC, o \u00cdndice de Expans\u00e3o do Com\u00e9rcio (IEC) tamb\u00e9m mostrou retra\u00e7\u00e3o, caindo 1,9% em agosto, de 107,7 para 105,7 pontos. A principal influ\u00eancia veio da diminui\u00e7\u00e3o da expectativa de contrata\u00e7\u00e3o de funcion\u00e1rios, que caiu 3,1% e ficou em 114,7 pontos. O \u00cdndice de N\u00edvel de Investimento das Empresas (NIE), por sua vez, marcou leve baixa de 0,4%, alcan\u00e7ando 96,7 pontos, mas ainda apresenta crescimento de 1% no comparativo anual.<\/p>\n\n\n\n<p>Segundo a FecomercioSP, mesmo com desempenho positivo nas vendas, o varejo enfrenta margens estreitas, custos elevados de cr\u00e9dito e dificuldades relacionadas a d\u00edvidas contra\u00eddas durante a pandemia. O aumento dos pedidos de recupera\u00e7\u00e3o judicial e fal\u00eancias refor\u00e7a o cen\u00e1rio de press\u00e3o sobre a rentabilidade, exigindo do empresariado uma postura conservadora quanto a investimentos em expans\u00e3o e moderniza\u00e7\u00e3o.<\/p>\n\n\n\n<hr class=\"wp-block-separator has-alpha-channel-opacity is-style-default\"\/>\n","protected":false},"excerpt":{"rendered":"<p>O \u00cdndice de Confian\u00e7a do Empres\u00e1rio do Com\u00e9rcio (ICEC), medido pela Federa\u00e7\u00e3o do Com\u00e9rcio de Bens, Servi\u00e7os e Turismo do Estado de S\u00e3o Paulo (FecomercioSP), voltou a indicar pessimismo em agosto. Ap\u00f3s tr\u00eas altas consecutivas, o indicador recuou 3%, passando de 102,8 pontos em julho para 99,8 pontos, abaixo da linha dos 100 pontos que [&hellip;]<\/p>\n","protected":false},"author":1,"featured_media":14497,"comment_status":"closed","ping_status":"open","sticky":false,"template":"","format":"standard","meta":{"tdm_status":"","tdm_grid_status":"","footnotes":""},"categories":[153],"tags":[199,204,156,1538,580,620,160,200],"class_list":["post-14495","post","type-post","status-publish","format-standard","has-post-thumbnail","hentry","category-noticias","tag-comercio","tag-confianca","tag-economia","tag-empresario","tag-fecomerciosp","tag-levantamento","tag-pesquisa","tag-varejo"],"amp_enabled":true,"_links":{"self":[{"href":"https:\/\/sincomavi.org.br\/index.php?rest_route=\/wp\/v2\/posts\/14495","targetHints":{"allow":["GET"]}}],"collection":[{"href":"https:\/\/sincomavi.org.br\/index.php?rest_route=\/wp\/v2\/posts"}],"about":[{"href":"https:\/\/sincomavi.org.br\/index.php?rest_route=\/wp\/v2\/types\/post"}],"author":[{"embeddable":true,"href":"https:\/\/sincomavi.org.br\/index.php?rest_route=\/wp\/v2\/users\/1"}],"replies":[{"embeddable":true,"href":"https:\/\/sincomavi.org.br\/index.php?rest_route=%2Fwp%2Fv2%2Fcomments&post=14495"}],"version-history":[{"count":1,"href":"https:\/\/sincomavi.org.br\/index.php?rest_route=\/wp\/v2\/posts\/14495\/revisions"}],"predecessor-version":[{"id":14498,"href":"https:\/\/sincomavi.org.br\/index.php?rest_route=\/wp\/v2\/posts\/14495\/revisions\/14498"}],"wp:featuredmedia":[{"embeddable":true,"href":"https:\/\/sincomavi.org.br\/index.php?rest_route=\/wp\/v2\/media\/14497"}],"wp:attachment":[{"href":"https:\/\/sincomavi.org.br\/index.php?rest_route=%2Fwp%2Fv2%2Fmedia&parent=14495"}],"wp:term":[{"taxonomy":"category","embeddable":true,"href":"https:\/\/sincomavi.org.br\/index.php?rest_route=%2Fwp%2Fv2%2Fcategories&post=14495"},{"taxonomy":"post_tag","embeddable":true,"href":"https:\/\/sincomavi.org.br\/index.php?rest_route=%2Fwp%2Fv2%2Ftags&post=14495"}],"curies":[{"name":"wp","href":"https:\/\/api.w.org\/{rel}","templated":true}]}}