{"id":14480,"date":"2025-09-18T11:48:01","date_gmt":"2025-09-18T14:48:01","guid":{"rendered":"https:\/\/sincomavi.org.br\/?p=14480"},"modified":"2025-09-18T17:04:48","modified_gmt":"2025-09-18T20:04:48","slug":"selic-mantida-em-15-ao-ano-e-juros-altos-por-mais-tempo","status":"publish","type":"post","link":"https:\/\/sincomavi.org.br\/?p=14480","title":{"rendered":"Selic mantida em 15% ao ano e juros altos por mais tempo"},"content":{"rendered":"\n<hr class=\"wp-block-separator has-alpha-channel-opacity is-style-default\"\/>\n\n\n<div class=\"wp-block-post-date\"><time datetime=\"2025-09-18T11:48:01-03:00\">18 de setembro de 2025<\/time><\/div>\n\n\n<p>O Comit\u00ea de Pol\u00edtica Monet\u00e1ria (Copom) do Banco Central do Brasil (BCB) decidiu, ontem, 17 de setembro, por n\u00e3o alterar a taxa b\u00e1sica de juros da economia brasileira e manter a Selic em 15% ao ano, o maior n\u00edvel desde 2006. \u00c9 a segunda vez que o BCB adota essa abordagem&nbsp; para a taxa, que iniciou um processo de avan\u00e7os seguidos de setembro de 2024 at\u00e9 junho de 2025.&nbsp;<\/p>\n\n\n\n<h2 class=\"wp-block-heading has-text-align-center\">Evolu\u00e7\u00e3o recente da Taxa Selic (% ao ano)<\/h2>\n\n\n<style>.kb-image14480_fce3cd-ad .kb-image-has-overlay:after{opacity:0.3;}<\/style>\n<div class=\"wp-block-kadence-image kb-image14480_fce3cd-ad\"><figure class=\"aligncenter size-full\"><img loading=\"lazy\" decoding=\"async\" width=\"512\" height=\"271\" src=\"https:\/\/sincomavi.org.br\/wp-content\/uploads\/2025\/09\/cop.png\" alt=\"\" class=\"kb-img wp-image-14486\" srcset=\"https:\/\/sincomavi.org.br\/wp-content\/uploads\/2025\/09\/cop.png 512w, https:\/\/sincomavi.org.br\/wp-content\/uploads\/2025\/09\/cop-300x160.png 300w\" sizes=\"auto, (max-width: 512px) 100vw, 512px\" \/><\/figure><\/div>\n\n\n\n<p class=\"has-text-align-right\"><strong>Fonte: Banco Central do Brasil<\/strong><\/p>\n\n\n\n<p>Jaime Vasconcellos, assessor econ\u00f4mico do Sincomavi, afirma que compartilhava com a opini\u00e3o de boa parte dos analistas de mercado sobre a manuten\u00e7\u00e3o da taxa. \u201cRecentemente at\u00e9 houve n\u00edveis mais baixos de c\u00e2mbio e infla\u00e7\u00e3o dom\u00e9stica, mas o cen\u00e1rio externo incerto, pol\u00edtica fiscal de elevados gastos p\u00fablicos e o mercado de trabalho resistente ainda geram temores quanto \u00e0 trajet\u00f3ria da infla\u00e7\u00e3o no pa\u00eds\u201d, ressalta. E adverte: \u201cIsto ser\u00e1 v\u00e1lido para o restante de 2025, como tamb\u00e9m para 2026 ou enquanto o IPCA (infla\u00e7\u00e3o oficial) se manter acima da meta dos 3%, buscada pelo Banco Central\u201d.&nbsp;<\/p>\n\n\n\n<p>Mas o alerta principal da decis\u00e3o deste \u00faltimo dia 17 reside na nota do BCB, que acompanhou o resultado da reuni\u00e3o. Na qual fica claro que \u201cexige-se uma pol\u00edtica monet\u00e1ria em patamar significativamente contracionista por per\u00edodo bastante prolongado\u201d. \u201cPortanto, a mensagem especial para os&nbsp; empres\u00e1rios representados \u00e9 de um bom per\u00edodo de cr\u00e9dito caro, dado que todas as taxas de juros integrantes das modalidades de cr\u00e9dito s\u00e3o balizadas pela trajet\u00f3ria da Selic, pois a mesma provavelmente n\u00e3o sofrer\u00e1 altera\u00e7\u00f5es em 2025 e, caso ocorra em 2026, ser\u00e1 de forma t\u00edmida.\u201d&nbsp;<\/p>\n\n\n\n<p>Jaime reafirma a import\u00e2ncia do cr\u00e9dito como incremento do poder de compra das fam\u00edlias, especialmente quando se refere a mercadorias de caracter\u00edstica dur\u00e1vel, caso do material de constru\u00e7\u00e3o. \u201cNeste sentido, n\u00e3o apenas esperamos impactos negativos no bolso dos clientes e no ritmo de venda, mas tamb\u00e9m no cr\u00e9dito dispon\u00edvel para as opera\u00e7\u00f5es di\u00e1rias dos neg\u00f3cios, como antecipa\u00e7\u00e3o de vendas, capital de giro e conta garantida\u201d, finaliza.&nbsp;<\/p>\n\n\n\n<hr class=\"wp-block-separator has-alpha-channel-opacity is-style-default\"\/>\n","protected":false},"excerpt":{"rendered":"<p>O Comit\u00ea de Pol\u00edtica Monet\u00e1ria (Copom) do Banco Central do Brasil (BCB) decidiu, ontem, 17 de setembro, por n\u00e3o alterar a taxa b\u00e1sica de juros da economia brasileira e manter a Selic em 15% ao ano, o maior n\u00edvel desde 2006. \u00c9 a segunda vez que o BCB adota essa abordagem&nbsp; para a taxa, que [&hellip;]<\/p>\n","protected":false},"author":1,"featured_media":14481,"comment_status":"closed","ping_status":"open","sticky":false,"template":"","format":"standard","meta":{"tdm_status":"","tdm_grid_status":"","footnotes":""},"categories":[153],"tags":[199,156,620,158,200],"class_list":["post-14480","post","type-post","status-publish","format-standard","has-post-thumbnail","hentry","category-noticias","tag-comercio","tag-economia","tag-levantamento","tag-material-de-construcao","tag-varejo"],"amp_enabled":true,"_links":{"self":[{"href":"https:\/\/sincomavi.org.br\/index.php?rest_route=\/wp\/v2\/posts\/14480","targetHints":{"allow":["GET"]}}],"collection":[{"href":"https:\/\/sincomavi.org.br\/index.php?rest_route=\/wp\/v2\/posts"}],"about":[{"href":"https:\/\/sincomavi.org.br\/index.php?rest_route=\/wp\/v2\/types\/post"}],"author":[{"embeddable":true,"href":"https:\/\/sincomavi.org.br\/index.php?rest_route=\/wp\/v2\/users\/1"}],"replies":[{"embeddable":true,"href":"https:\/\/sincomavi.org.br\/index.php?rest_route=%2Fwp%2Fv2%2Fcomments&post=14480"}],"version-history":[{"count":2,"href":"https:\/\/sincomavi.org.br\/index.php?rest_route=\/wp\/v2\/posts\/14480\/revisions"}],"predecessor-version":[{"id":14487,"href":"https:\/\/sincomavi.org.br\/index.php?rest_route=\/wp\/v2\/posts\/14480\/revisions\/14487"}],"wp:featuredmedia":[{"embeddable":true,"href":"https:\/\/sincomavi.org.br\/index.php?rest_route=\/wp\/v2\/media\/14481"}],"wp:attachment":[{"href":"https:\/\/sincomavi.org.br\/index.php?rest_route=%2Fwp%2Fv2%2Fmedia&parent=14480"}],"wp:term":[{"taxonomy":"category","embeddable":true,"href":"https:\/\/sincomavi.org.br\/index.php?rest_route=%2Fwp%2Fv2%2Fcategories&post=14480"},{"taxonomy":"post_tag","embeddable":true,"href":"https:\/\/sincomavi.org.br\/index.php?rest_route=%2Fwp%2Fv2%2Ftags&post=14480"}],"curies":[{"name":"wp","href":"https:\/\/api.w.org\/{rel}","templated":true}]}}