{"id":14467,"date":"2025-09-18T09:12:56","date_gmt":"2025-09-18T12:12:56","guid":{"rendered":"https:\/\/sincomavi.org.br\/?p=14467"},"modified":"2025-09-18T09:12:57","modified_gmt":"2025-09-18T12:12:57","slug":"demanda-por-credito-empresarial-desacelera-em-julho","status":"publish","type":"post","link":"https:\/\/sincomavi.org.br\/?p=14467","title":{"rendered":"Demanda por cr\u00e9dito empresarial desacelera em julho"},"content":{"rendered":"\n<hr class=\"wp-block-separator has-alpha-channel-opacity is-style-default\"\/>\n\n\n<div class=\"wp-block-post-date\"><time datetime=\"2025-09-18T09:12:56-03:00\">18 de setembro de 2025<\/time><\/div>\n\n\n<p>O Indicador de Demanda por Cr\u00e9dito das Empresas, da Serasa Experian, mostrou desacelera\u00e7\u00e3o em julho de 2025. No comparativo anual, houve alta de 4,0%, mas dois setores registraram retra\u00e7\u00e3o: o Com\u00e9rcio, com queda de 0,1%, e os segmentos Prim\u00e1rio, Financeiro e Terceiro Setor, reunidos na categoria \u201cDemais\u201d, que recuaram 12%. Esta \u00faltima foi a maior baixa desde junho de 2023 (-16,1%). J\u00e1 os Servi\u00e7os mantiveram trajet\u00f3ria de expans\u00e3o, com aumento de 10,4%.<\/p>\n\n\n<style>.kb-image14467_86e2cd-c7 .kb-image-has-overlay:after{opacity:0.3;}<\/style>\n<div class=\"wp-block-kadence-image kb-image14467_86e2cd-c7\"><figure class=\"aligncenter size-full\"><img loading=\"lazy\" decoding=\"async\" width=\"671\" height=\"430\" src=\"https:\/\/sincomavi.org.br\/wp-content\/uploads\/2025\/09\/serasa.png\" alt=\"\" class=\"kb-img wp-image-14468\" srcset=\"https:\/\/sincomavi.org.br\/wp-content\/uploads\/2025\/09\/serasa.png 671w, https:\/\/sincomavi.org.br\/wp-content\/uploads\/2025\/09\/serasa-300x192.png 300w, https:\/\/sincomavi.org.br\/wp-content\/uploads\/2025\/09\/serasa-655x420.png 655w, https:\/\/sincomavi.org.br\/wp-content\/uploads\/2025\/09\/serasa-341x220.png 341w, https:\/\/sincomavi.org.br\/wp-content\/uploads\/2025\/09\/serasa-640x410.png 640w\" sizes=\"auto, (max-width: 671px) 100vw, 671px\" \/><\/figure><\/div>\n\n\n\n<p>Segundo a economista Camila Abdelmalack, o indicador reflete apenas consultas realizadas por CNPJs, n\u00e3o significando necessariamente opera\u00e7\u00f5es de cr\u00e9dito efetivadas. Ela destaca que, ap\u00f3s meses de forte crescimento na procura, a desacelera\u00e7\u00e3o pode estar ligada ao elevado n\u00famero de negativas registradas recentemente. \u201cIsso desestimula novos pedidos de cr\u00e9dito e torna ainda mais dif\u00edcil para os empreendedores manterem as finan\u00e7as equilibradas\u201d, avalia.<\/p>\n\n\n\n<p>Na an\u00e1lise por porte, as m\u00e9dias empresas foram as que mais impulsionaram o indicador no m\u00eas, com alta de 5,8%, o terceiro maior crescimento do ano. As micro e pequenas avan\u00e7aram 4,0%, o menor resultado desde abril, enquanto as grandes tiveram desempenho mais t\u00edmido, de apenas 0,9%.<\/p>\n\n\n\n<hr class=\"wp-block-separator has-alpha-channel-opacity is-style-default\"\/>\n","protected":false},"excerpt":{"rendered":"<p>O Indicador de Demanda por Cr\u00e9dito das Empresas, da Serasa Experian, mostrou desacelera\u00e7\u00e3o em julho de 2025. No comparativo anual, houve alta de 4,0%, mas dois setores registraram retra\u00e7\u00e3o: o Com\u00e9rcio, com queda de 0,1%, e os segmentos Prim\u00e1rio, Financeiro e Terceiro Setor, reunidos na categoria \u201cDemais\u201d, que recuaram 12%. Esta \u00faltima foi a maior [&hellip;]<\/p>\n","protected":false},"author":1,"featured_media":14469,"comment_status":"closed","ping_status":"open","sticky":false,"template":"","format":"standard","meta":{"tdm_status":"","tdm_grid_status":"","footnotes":""},"categories":[153],"tags":[199,250,156,620,160,990,200],"class_list":["post-14467","post","type-post","status-publish","format-standard","has-post-thumbnail","hentry","category-noticias","tag-comercio","tag-credito","tag-economia","tag-levantamento","tag-pesquisa","tag-serasa","tag-varejo"],"amp_enabled":true,"_links":{"self":[{"href":"https:\/\/sincomavi.org.br\/index.php?rest_route=\/wp\/v2\/posts\/14467","targetHints":{"allow":["GET"]}}],"collection":[{"href":"https:\/\/sincomavi.org.br\/index.php?rest_route=\/wp\/v2\/posts"}],"about":[{"href":"https:\/\/sincomavi.org.br\/index.php?rest_route=\/wp\/v2\/types\/post"}],"author":[{"embeddable":true,"href":"https:\/\/sincomavi.org.br\/index.php?rest_route=\/wp\/v2\/users\/1"}],"replies":[{"embeddable":true,"href":"https:\/\/sincomavi.org.br\/index.php?rest_route=%2Fwp%2Fv2%2Fcomments&post=14467"}],"version-history":[{"count":1,"href":"https:\/\/sincomavi.org.br\/index.php?rest_route=\/wp\/v2\/posts\/14467\/revisions"}],"predecessor-version":[{"id":14470,"href":"https:\/\/sincomavi.org.br\/index.php?rest_route=\/wp\/v2\/posts\/14467\/revisions\/14470"}],"wp:featuredmedia":[{"embeddable":true,"href":"https:\/\/sincomavi.org.br\/index.php?rest_route=\/wp\/v2\/media\/14469"}],"wp:attachment":[{"href":"https:\/\/sincomavi.org.br\/index.php?rest_route=%2Fwp%2Fv2%2Fmedia&parent=14467"}],"wp:term":[{"taxonomy":"category","embeddable":true,"href":"https:\/\/sincomavi.org.br\/index.php?rest_route=%2Fwp%2Fv2%2Fcategories&post=14467"},{"taxonomy":"post_tag","embeddable":true,"href":"https:\/\/sincomavi.org.br\/index.php?rest_route=%2Fwp%2Fv2%2Ftags&post=14467"}],"curies":[{"name":"wp","href":"https:\/\/api.w.org\/{rel}","templated":true}]}}