{"id":14449,"date":"2025-09-17T09:41:05","date_gmt":"2025-09-17T12:41:05","guid":{"rendered":"https:\/\/sincomavi.org.br\/?p=14449"},"modified":"2025-09-17T09:41:06","modified_gmt":"2025-09-17T12:41:06","slug":"varejo-paulista-cresce-79-no-primeiro-semestre-mas-mostra-sinais-de-desaceleracao","status":"publish","type":"post","link":"https:\/\/sincomavi.org.br\/?p=14449","title":{"rendered":"Varejo paulista cresce 7,9% no primeiro semestre, mas mostra sinais de desacelera\u00e7\u00e3o"},"content":{"rendered":"\n<hr class=\"wp-block-separator has-alpha-channel-opacity is-style-default\"\/>\n\n\n<div class=\"wp-block-post-date\"><time datetime=\"2025-09-17T09:41:05-03:00\">17 de setembro de 2025<\/time><\/div>\n\n\n<p>O com\u00e9rcio varejista do Estado de S\u00e3o Paulo registrou alta de 7,9% no faturamento no primeiro semestre de 2025 em rela\u00e7\u00e3o ao mesmo per\u00edodo do ano passado, segundo dados da Pesquisa Conjuntural do Com\u00e9rcio Varejista (PCCV), da Federa\u00e7\u00e3o do Com\u00e9rcio de Bens, Servi\u00e7os e Turismo do Estado de S\u00e3o Paulo (FecomercioSP). O desempenho representou um acr\u00e9scimo de R$ 54,5 bilh\u00f5es na receita do setor. Apesar do resultado positivo, os n\u00fameros de junho apontam para um ritmo mais lento: crescimento de 4,4% na compara\u00e7\u00e3o com junho de 2024.<\/p>\n\n\n\n<h2 class=\"wp-block-heading has-text-align-center\"><strong>Varia\u00e7\u00e3o do faturamento do varejo no Estado de S\u00e3o Paulo<\/strong><\/h2>\n\n\n<style>.kb-image14449_08928f-f4 .kb-image-has-overlay:after{opacity:0.3;}<\/style>\n<div class=\"wp-block-kadence-image kb-image14449_08928f-f4\"><figure class=\"aligncenter size-full\"><img loading=\"lazy\" decoding=\"async\" width=\"726\" height=\"317\" src=\"https:\/\/sincomavi.org.br\/wp-content\/uploads\/2025\/09\/feco-p.png\" alt=\"\" class=\"kb-img wp-image-14451\" srcset=\"https:\/\/sincomavi.org.br\/wp-content\/uploads\/2025\/09\/feco-p.png 726w, https:\/\/sincomavi.org.br\/wp-content\/uploads\/2025\/09\/feco-p-300x131.png 300w, https:\/\/sincomavi.org.br\/wp-content\/uploads\/2025\/09\/feco-p-640x279.png 640w, https:\/\/sincomavi.org.br\/wp-content\/uploads\/2025\/09\/feco-p-681x297.png 681w\" sizes=\"auto, (max-width: 726px) 100vw, 726px\" \/><\/figure><\/div>\n\n\n\n<p class=\"has-text-align-right\"><strong>Fonte: SEFAZ\/ FecomercioSP<\/strong><\/p>\n\n\n\n<p>Na capital paulista, a trajet\u00f3ria foi semelhante. As vendas acumularam eleva\u00e7\u00e3o de 7,7% no semestre, mas a taxa mensal de junho (4,8%) tamb\u00e9m refor\u00e7ou o cen\u00e1rio de desacelera\u00e7\u00e3o. A FecomercioSP avalia que o mercado de trabalho aquecido e a melhora da renda sustentaram o consumo no per\u00edodo, mas fatores como juros elevados, infla\u00e7\u00e3o acima da meta e aumento da inadimpl\u00eancia come\u00e7am a pressionar os resultados, especialmente em segmentos dependentes de cr\u00e9dito.<\/p>\n\n\n\n<p>Entre os destaques positivos no Estado, apareceram as lojas de vestu\u00e1rio, tecidos e cal\u00e7ados, com crescimento de 15,4%, e o segmento de autope\u00e7as e acess\u00f3rios, com 10,8%. J\u00e1 concession\u00e1rias de ve\u00edculos e lojas de m\u00f3veis e decora\u00e7\u00e3o recuaram 0,8% e 9,9%, respectivamente, em junho. A expectativa \u00e9 que essas quedas possam se repetir em outros segmentos no segundo semestre.<\/p>\n\n\n\n<h2 class=\"wp-block-heading has-text-align-center\"><strong>Varia\u00e7\u00e3o do faturamento do varejo na cidade de S\u00e3o Paulo<\/strong><\/h2>\n\n\n<style>.kb-image14449_19cc74-76 .kb-image-has-overlay:after{opacity:0.3;}<\/style>\n<div class=\"wp-block-kadence-image kb-image14449_19cc74-76\"><figure class=\"aligncenter size-full\"><img loading=\"lazy\" decoding=\"async\" width=\"723\" height=\"290\" src=\"https:\/\/sincomavi.org.br\/wp-content\/uploads\/2025\/09\/fecop1.png\" alt=\"\" class=\"kb-img wp-image-14452\" srcset=\"https:\/\/sincomavi.org.br\/wp-content\/uploads\/2025\/09\/fecop1.png 723w, https:\/\/sincomavi.org.br\/wp-content\/uploads\/2025\/09\/fecop1-300x120.png 300w, https:\/\/sincomavi.org.br\/wp-content\/uploads\/2025\/09\/fecop1-640x257.png 640w, https:\/\/sincomavi.org.br\/wp-content\/uploads\/2025\/09\/fecop1-681x273.png 681w\" sizes=\"auto, (max-width: 723px) 100vw, 723px\" \/><\/figure><\/div>\n\n\n\n<p class=\"has-text-align-right\"><strong>Fonte: SEFAZ\/ FecomercioSP<\/strong><\/p>\n\n\n\n<p>O setor de material de constru\u00e7\u00e3o<strong> <\/strong>apresentou desempenho mais modesto: avan\u00e7o de 1,3% em junho e crescimento acumulado de 5,2% no semestre no Estado. Na cidade de S\u00e3o Paulo, o segmento recuou 1% no m\u00eas, sinalizando maior sensibilidade ao encarecimento do cr\u00e9dito e \u00e0s oscila\u00e7\u00f5es macroecon\u00f4micas. Em contrapartida, farm\u00e1cias e supermercados contribu\u00edram para manter o varejo estadual em terreno positivo.<\/p>\n\n\n\n<p>De acordo com a FecomercioSP, os fatores que impulsionaram a recupera\u00e7\u00e3o do com\u00e9rcio em anos anteriores \u2013 como aumento da renda, infla\u00e7\u00e3o controlada e gera\u00e7\u00e3o de empregos \u2013 perderam intensidade. Para o segundo semestre, a entidade prev\u00ea manuten\u00e7\u00e3o do crescimento, mas em ritmo mais moderado. O cen\u00e1rio exigir\u00e1 das empresas maior cautela, com foco em segmenta\u00e7\u00e3o de clientes, digitaliza\u00e7\u00e3o e estrat\u00e9gias de fideliza\u00e7\u00e3o para sustentar as vendas em um ambiente econ\u00f4mico mais desafiador.<\/p>\n\n\n\n<hr class=\"wp-block-separator has-alpha-channel-opacity is-style-default\"\/>\n","protected":false},"excerpt":{"rendered":"<p>O com\u00e9rcio varejista do Estado de S\u00e3o Paulo registrou alta de 7,9% no faturamento no primeiro semestre de 2025 em rela\u00e7\u00e3o ao mesmo per\u00edodo do ano passado, segundo dados da Pesquisa Conjuntural do Com\u00e9rcio Varejista (PCCV), da Federa\u00e7\u00e3o do Com\u00e9rcio de Bens, Servi\u00e7os e Turismo do Estado de S\u00e3o Paulo (FecomercioSP). O desempenho representou um [&hellip;]<\/p>\n","protected":false},"author":1,"featured_media":14453,"comment_status":"closed","ping_status":"open","sticky":false,"template":"","format":"standard","meta":{"tdm_status":"","tdm_grid_status":"","footnotes":""},"categories":[153],"tags":[199,156,632,580,620,158,1233,160,200,75],"class_list":["post-14449","post","type-post","status-publish","format-standard","has-post-thumbnail","hentry","category-noticias","tag-comercio","tag-economia","tag-estudo-setorial","tag-fecomerciosp","tag-levantamento","tag-material-de-construcao","tag-pccv","tag-pesquisa","tag-varejo","tag-vendas"],"amp_enabled":true,"_links":{"self":[{"href":"https:\/\/sincomavi.org.br\/index.php?rest_route=\/wp\/v2\/posts\/14449","targetHints":{"allow":["GET"]}}],"collection":[{"href":"https:\/\/sincomavi.org.br\/index.php?rest_route=\/wp\/v2\/posts"}],"about":[{"href":"https:\/\/sincomavi.org.br\/index.php?rest_route=\/wp\/v2\/types\/post"}],"author":[{"embeddable":true,"href":"https:\/\/sincomavi.org.br\/index.php?rest_route=\/wp\/v2\/users\/1"}],"replies":[{"embeddable":true,"href":"https:\/\/sincomavi.org.br\/index.php?rest_route=%2Fwp%2Fv2%2Fcomments&post=14449"}],"version-history":[{"count":1,"href":"https:\/\/sincomavi.org.br\/index.php?rest_route=\/wp\/v2\/posts\/14449\/revisions"}],"predecessor-version":[{"id":14454,"href":"https:\/\/sincomavi.org.br\/index.php?rest_route=\/wp\/v2\/posts\/14449\/revisions\/14454"}],"wp:featuredmedia":[{"embeddable":true,"href":"https:\/\/sincomavi.org.br\/index.php?rest_route=\/wp\/v2\/media\/14453"}],"wp:attachment":[{"href":"https:\/\/sincomavi.org.br\/index.php?rest_route=%2Fwp%2Fv2%2Fmedia&parent=14449"}],"wp:term":[{"taxonomy":"category","embeddable":true,"href":"https:\/\/sincomavi.org.br\/index.php?rest_route=%2Fwp%2Fv2%2Fcategories&post=14449"},{"taxonomy":"post_tag","embeddable":true,"href":"https:\/\/sincomavi.org.br\/index.php?rest_route=%2Fwp%2Fv2%2Ftags&post=14449"}],"curies":[{"name":"wp","href":"https:\/\/api.w.org\/{rel}","templated":true}]}}