{"id":14447,"date":"2025-09-16T13:20:56","date_gmt":"2025-09-16T16:20:56","guid":{"rendered":"https:\/\/sincomavi.org.br\/?p=14447"},"modified":"2025-09-16T13:20:58","modified_gmt":"2025-09-16T16:20:58","slug":"economia-recua-em-julho-mas-mantem-crescimento-no-acumulado-do-ano","status":"publish","type":"post","link":"https:\/\/sincomavi.org.br\/?p=14447","title":{"rendered":"Economia recua em julho, mas mant\u00e9m crescimento no acumulado do ano"},"content":{"rendered":"\n<hr class=\"wp-block-separator has-alpha-channel-opacity is-style-default\"\/>\n\n\n<div class=\"wp-block-post-date\"><time datetime=\"2025-09-16T13:20:56-03:00\">16 de setembro de 2025<\/time><\/div>\n\n\n<p>O Monitor do PIB-FGV apontou retra\u00e7\u00e3o de 0,6% na atividade econ\u00f4mica brasileira em julho, na compara\u00e7\u00e3o com junho, considerando a s\u00e9rie com ajuste sazonal. Apesar do recuo mensal, o indicador registrou crescimento de 1,7% frente a julho de 2024 e de 2,2% no trimestre encerrado em julho. No acumulado em 12 meses, a taxa ficou em 2,9%.<\/p>\n\n\n\n<p>De acordo com Juliana Trece, coordenadora da pesquisa, a queda foi resultado da combina\u00e7\u00e3o de recuos em diversos componentes do PIB. \u201cPela \u00f3tica da produ\u00e7\u00e3o, a agropecu\u00e1ria e a ind\u00fastria retra\u00edram e, pela \u00f3tica da demanda, o consumo das fam\u00edlias e os investimentos tamb\u00e9m registraram quedas. Destaca-se a resili\u00eancia do setor de servi\u00e7os, que cresceu nos sete primeiros meses do ano. Embora, em julho, os servi\u00e7os tenham ficado praticamente estagnados (0,1%), se mantiveram em terreno positivo, mesmo com o evidente contexto de desacelera\u00e7\u00e3o da economia\u201d, avaliou.<\/p>\n\n\n\n<p>A an\u00e1lise desagregada mostra que o consumo das fam\u00edlias avan\u00e7ou 1,4% no trimestre m\u00f3vel findo em julho, a menor taxa desde o in\u00edcio de 2022. O desempenho foi afetado principalmente pelo consumo de bens n\u00e3o dur\u00e1veis, que apresentou sua primeira taxa negativa desde mar\u00e7o de 2022. J\u00e1 a Forma\u00e7\u00e3o Bruta de Capital Fixo (FBCF), indicador dos investimentos, cresceu 3,3% no mesmo per\u00edodo, mas segue em trajet\u00f3ria de desacelera\u00e7\u00e3o ao longo do ano, com destaque para a redu\u00e7\u00e3o na contribui\u00e7\u00e3o do segmento de m\u00e1quinas e equipamentos.<\/p>\n\n\n\n<p>O setor externo apresentou resultados positivos. As exporta\u00e7\u00f5es avan\u00e7aram 4,8% no trimestre m\u00f3vel encerrado em julho, impulsionadas por produtos da ind\u00fastria extrativa, bens intermedi\u00e1rios e bens de capital. A exce\u00e7\u00e3o foi a exporta\u00e7\u00e3o de produtos agropecu\u00e1rios, que teve contribui\u00e7\u00e3o negativa. As importa\u00e7\u00f5es tamb\u00e9m cresceram 4,9%, principalmente em fun\u00e7\u00e3o do aumento na compra de bens intermedi\u00e1rios.<\/p>\n\n\n\n<p>Em termos monet\u00e1rios, o PIB acumulado at\u00e9 julho de 2025 foi estimado em R$ 7,269 trilh\u00f5es. A taxa de investimento registrada em julho foi de 18,4%, segundo a FGV.<\/p>\n\n\n\n<hr class=\"wp-block-separator has-alpha-channel-opacity is-style-default\"\/>\n","protected":false},"excerpt":{"rendered":"<p>O Monitor do PIB-FGV apontou retra\u00e7\u00e3o de 0,6% na atividade econ\u00f4mica brasileira em julho, na compara\u00e7\u00e3o com junho, considerando a s\u00e9rie com ajuste sazonal. Apesar do recuo mensal, o indicador registrou crescimento de 1,7% frente a julho de 2024 e de 2,2% no trimestre encerrado em julho. No acumulado em 12 meses, a taxa ficou [&hellip;]<\/p>\n","protected":false},"author":1,"featured_media":9854,"comment_status":"closed","ping_status":"open","sticky":false,"template":"","format":"standard","meta":{"tdm_status":"","tdm_grid_status":"","footnotes":""},"categories":[153],"tags":[156,309,620,160],"class_list":["post-14447","post","type-post","status-publish","format-standard","has-post-thumbnail","hentry","category-noticias","tag-economia","tag-fgv","tag-levantamento","tag-pesquisa"],"amp_enabled":true,"_links":{"self":[{"href":"https:\/\/sincomavi.org.br\/index.php?rest_route=\/wp\/v2\/posts\/14447","targetHints":{"allow":["GET"]}}],"collection":[{"href":"https:\/\/sincomavi.org.br\/index.php?rest_route=\/wp\/v2\/posts"}],"about":[{"href":"https:\/\/sincomavi.org.br\/index.php?rest_route=\/wp\/v2\/types\/post"}],"author":[{"embeddable":true,"href":"https:\/\/sincomavi.org.br\/index.php?rest_route=\/wp\/v2\/users\/1"}],"replies":[{"embeddable":true,"href":"https:\/\/sincomavi.org.br\/index.php?rest_route=%2Fwp%2Fv2%2Fcomments&post=14447"}],"version-history":[{"count":1,"href":"https:\/\/sincomavi.org.br\/index.php?rest_route=\/wp\/v2\/posts\/14447\/revisions"}],"predecessor-version":[{"id":14448,"href":"https:\/\/sincomavi.org.br\/index.php?rest_route=\/wp\/v2\/posts\/14447\/revisions\/14448"}],"wp:featuredmedia":[{"embeddable":true,"href":"https:\/\/sincomavi.org.br\/index.php?rest_route=\/wp\/v2\/media\/9854"}],"wp:attachment":[{"href":"https:\/\/sincomavi.org.br\/index.php?rest_route=%2Fwp%2Fv2%2Fmedia&parent=14447"}],"wp:term":[{"taxonomy":"category","embeddable":true,"href":"https:\/\/sincomavi.org.br\/index.php?rest_route=%2Fwp%2Fv2%2Fcategories&post=14447"},{"taxonomy":"post_tag","embeddable":true,"href":"https:\/\/sincomavi.org.br\/index.php?rest_route=%2Fwp%2Fv2%2Ftags&post=14447"}],"curies":[{"name":"wp","href":"https:\/\/api.w.org\/{rel}","templated":true}]}}