{"id":14438,"date":"2025-09-17T09:34:00","date_gmt":"2025-09-17T12:34:00","guid":{"rendered":"https:\/\/sincomavi.org.br\/?p=14438"},"modified":"2025-09-15T15:42:55","modified_gmt":"2025-09-15T18:42:55","slug":"lideranca-e-inteligencia-emocional-tornam-se-diferenciais-estrategicos-no-varejo","status":"publish","type":"post","link":"https:\/\/sincomavi.org.br\/?p=14438","title":{"rendered":"Lideran\u00e7a e intelig\u00eancia emocional tornam-se diferenciais estrat\u00e9gicos no varejo"},"content":{"rendered":"\n<hr class=\"wp-block-separator has-alpha-channel-opacity is-style-default\"\/>\n\n\n<div class=\"wp-block-post-date\"><time datetime=\"2025-09-17T09:34:00-03:00\">17 de setembro de 2025<\/time><\/div>\n\n\n<p>O papel do l\u00edder nas organiza\u00e7\u00f5es vai al\u00e9m da tomada de decis\u00e3o. Sua atua\u00e7\u00e3o influencia diretamente a motiva\u00e7\u00e3o das equipes, a reten\u00e7\u00e3o de talentos e os resultados financeiros das empresas. No com\u00e9rcio varejista, segmento marcado por desafios de produtividade e alta rotatividade, a qualidade da lideran\u00e7a aparece como fator decisivo para a competitividade.<\/p>\n\n\n\n<p>Estudos recentes apontam que diferentes estilos de lideran\u00e7a podem favorecer ou prejudicar o desempenho das equipes. H\u00e1 perfis orientados para pessoas, processos, estrat\u00e9gia ou impacto, cada um com for\u00e7as e vulnerabilidades pr\u00f3prias. \u201cO desenvolvimento do l\u00edder passa por conhecer seus talentos dominantes, transform\u00e1-los em resultados e criar mecanismos para compensar fragilidades\u201d, afirma o consultor empresarial Yuri Trafane.<\/p>\n\n\n\n<p>A constru\u00e7\u00e3o de confian\u00e7a \u00e9 outro elemento fundamental. Segundo os especialistas em cultura organizacional<strong> <a href=\"https:\/\/www.amazon.com.br\/Seja-Lideran%C3%A7a-poucos-Coragem-autoconhecimento\/dp\/6556951595\">Pedro Ivo Moraes e Rodrigo Suzuki<\/a><\/strong>, existem dois n\u00edveis distintos: a confian\u00e7a pr\u00e1tica, baseada em entregas e resultados, e a confian\u00e7a pela comunh\u00e3o, que nasce de v\u00ednculos humanos genu\u00ednos. \u201cA confian\u00e7a pela comunh\u00e3o \u00e9 o que permite formar times resilientes, criativos e comprometidos de verdade\u201d, destacam.<\/p>\n\n\n\n<p>Os custos de falhas na lideran\u00e7a s\u00e3o expressivos. O Brasil lidera o ranking global de rotatividade, e substituir um colaborador pode custar de 50% a 200% do sal\u00e1rio anual, segundo estudo da Society for Human Resource Management (SHRM). Para a psic\u00f3loga Fernanda Tochetto, especialista em performance emocional, a solu\u00e7\u00e3o est\u00e1 na forma\u00e7\u00e3o de l\u00edderes preparados para lidar com press\u00f5es e emo\u00e7\u00f5es. \u201cLideran\u00e7a emocional n\u00e3o \u00e9 apenas um diferencial competitivo, \u00e9 uma necessidade estrat\u00e9gica para sustentar resultados em um mercado inst\u00e1vel\u201d, avalia.<\/p>\n\n\n\n<p>Equipes lideradas com intelig\u00eancia emocional apresentam at\u00e9 quatro vezes mais chances de reter talentos, al\u00e9m de preservar conhecimento interno e manter produtividade. Essa compet\u00eancia envolve desenvolver autoconsci\u00eancia, empatia, autorregula\u00e7\u00e3o e comunica\u00e7\u00e3o assertiva, elementos cada vez mais demandados em ambientes de trabalho diversos e em constante transforma\u00e7\u00e3o.<\/p>\n\n\n\n<p>No varejo, onde a press\u00e3o por resultados \u00e9 intensa, investir em modelos de lideran\u00e7a que unam vis\u00e3o estrat\u00e9gica, capacidade de execu\u00e7\u00e3o e intelig\u00eancia emocional pode representar n\u00e3o apenas a redu\u00e7\u00e3o de custos com turnover, mas tamb\u00e9m a cria\u00e7\u00e3o de equipes mais engajadas e inovadoras. Para as empresas, isso significa ampliar a resili\u00eancia organizacional e sustentar o crescimento em cen\u00e1rios de incerteza.<\/p>\n\n\n\n<hr class=\"wp-block-separator has-alpha-channel-opacity is-style-default\"\/>\n","protected":false},"excerpt":{"rendered":"<p>O papel do l\u00edder nas organiza\u00e7\u00f5es vai al\u00e9m da tomada de decis\u00e3o. Sua atua\u00e7\u00e3o influencia diretamente a motiva\u00e7\u00e3o das equipes, a reten\u00e7\u00e3o de talentos e os resultados financeiros das empresas. No com\u00e9rcio varejista, segmento marcado por desafios de produtividade e alta rotatividade, a qualidade da lideran\u00e7a aparece como fator decisivo para a competitividade. Estudos recentes [&hellip;]<\/p>\n","protected":false},"author":1,"featured_media":14439,"comment_status":"closed","ping_status":"open","sticky":false,"template":"","format":"standard","meta":{"tdm_status":"","tdm_grid_status":"","footnotes":""},"categories":[153],"tags":[199,620,209,160,253,31,200],"class_list":["post-14438","post","type-post","status-publish","format-standard","has-post-thumbnail","hentry","category-noticias","tag-comercio","tag-levantamento","tag-lideranca","tag-pesquisa","tag-recursos-humanos","tag-rh","tag-varejo"],"amp_enabled":true,"_links":{"self":[{"href":"https:\/\/sincomavi.org.br\/index.php?rest_route=\/wp\/v2\/posts\/14438","targetHints":{"allow":["GET"]}}],"collection":[{"href":"https:\/\/sincomavi.org.br\/index.php?rest_route=\/wp\/v2\/posts"}],"about":[{"href":"https:\/\/sincomavi.org.br\/index.php?rest_route=\/wp\/v2\/types\/post"}],"author":[{"embeddable":true,"href":"https:\/\/sincomavi.org.br\/index.php?rest_route=\/wp\/v2\/users\/1"}],"replies":[{"embeddable":true,"href":"https:\/\/sincomavi.org.br\/index.php?rest_route=%2Fwp%2Fv2%2Fcomments&post=14438"}],"version-history":[{"count":1,"href":"https:\/\/sincomavi.org.br\/index.php?rest_route=\/wp\/v2\/posts\/14438\/revisions"}],"predecessor-version":[{"id":14440,"href":"https:\/\/sincomavi.org.br\/index.php?rest_route=\/wp\/v2\/posts\/14438\/revisions\/14440"}],"wp:featuredmedia":[{"embeddable":true,"href":"https:\/\/sincomavi.org.br\/index.php?rest_route=\/wp\/v2\/media\/14439"}],"wp:attachment":[{"href":"https:\/\/sincomavi.org.br\/index.php?rest_route=%2Fwp%2Fv2%2Fmedia&parent=14438"}],"wp:term":[{"taxonomy":"category","embeddable":true,"href":"https:\/\/sincomavi.org.br\/index.php?rest_route=%2Fwp%2Fv2%2Fcategories&post=14438"},{"taxonomy":"post_tag","embeddable":true,"href":"https:\/\/sincomavi.org.br\/index.php?rest_route=%2Fwp%2Fv2%2Ftags&post=14438"}],"curies":[{"name":"wp","href":"https:\/\/api.w.org\/{rel}","templated":true}]}}