{"id":14429,"date":"2025-09-15T13:37:32","date_gmt":"2025-09-15T16:37:32","guid":{"rendered":"https:\/\/sincomavi.org.br\/?p=14429"},"modified":"2025-09-15T13:38:06","modified_gmt":"2025-09-15T16:38:06","slug":"entidades-cobram-correcao-imediata-do-simples-nacional","status":"publish","type":"post","link":"https:\/\/sincomavi.org.br\/?p=14429","title":{"rendered":"Entidades cobram corre\u00e7\u00e3o imediata do Simples Nacional"},"content":{"rendered":"\n<hr class=\"wp-block-separator has-alpha-channel-opacity is-style-default\"\/>\n\n\n<div class=\"wp-block-post-date\"><time datetime=\"2025-09-15T13:37:32-03:00\">15 de setembro de 2025<\/time><\/div>\n\n\n<p>A defasagem dos limites de receita do Simples Nacional, congelados desde 2018, volta \u00e0 pauta no Congresso. Em 16 de setembro, \u00e0s 16h, a Comiss\u00e3o de Ind\u00fastria, Com\u00e9rcio e Servi\u00e7os da C\u00e2mara dos Deputados realiza audi\u00eancia p\u00fablica para discutir a atualiza\u00e7\u00e3o das faixas, com participa\u00e7\u00e3o do Sincomavi, da FecomercioSP e de outras entidades do Movimento Atualiza Simples Nacional. O objetivo \u00e9 impulsionar a tramita\u00e7\u00e3o do projeto de lei, j\u00e1 aprovado no Senado, que vincula a corre\u00e7\u00e3o anual ao IPCA e ajusta os tetos para MEI, Microempresas e Empresas de Pequeno Porte.<\/p>\n\n\n\n<p>Segundo as entidades, a defasagem inibe investimentos, reduz contrata\u00e7\u00f5es, estimula a informalidade e desloca empresas para regimes mais caros e burocr\u00e1ticos, sem ganho proporcional de porte. A revis\u00e3o n\u00e3o amplia benef\u00edcios: busca recompor valores para garantir tributa\u00e7\u00e3o condizente com a realidade econ\u00f4mica e preservar o tratamento diferenciado previsto na Constitui\u00e7\u00e3o.<\/p>\n\n\n\n<p>O tema ganha urg\u00eancia com a Reforma Tribut\u00e1ria. Pequenos neg\u00f3cios com receita anual acima do limite atual ter\u00e3o de recolher o IBS, elevando custos e complexidade. Al\u00e9m disso, Sincomavi e FecomercioSP defendem tamb\u00e9m a atualiza\u00e7\u00e3o dos sublimites de ICMS e ISS e a possibilidade de o MEI contratar at\u00e9 dois funcion\u00e1rios formais.<\/p>\n\n\n\n<p>A preocupa\u00e7\u00e3o do Sincomavi \u00e9 antiga e documentada. <a href=\"https:\/\/sincomavi.org.br\/?p=11153\" target=\"_blank\" rel=\"noreferrer noopener\"><strong>Em 24 de janeiro de 2024<\/strong><\/a>, a entidade manifestou apoio formal ao projeto em of\u00edcio ao ent\u00e3o presidente da C\u00e2mara, Arthur Lira, com defesa dos novos tetos e ades\u00e3o \u00e0 campanha \u201cAtualiza Simples Nacional\u201d, que re\u00fane mais de 40 entidades.<\/p>\n\n\n\n<p><a href=\"https:\/\/sincomavi.org.br\/?p=13728\" target=\"_blank\" rel=\"noreferrer noopener\"><strong>Em 6 de maio de 2025<\/strong><\/a>, na reuni\u00e3o da C\u00e2mara Brasileira de Materiais de Constru\u00e7\u00e3o da CNC, o diretor do Sincomavi e da FecomercioSP, Claudio Ara\u00fajo de Lima, refor\u00e7ou o impacto fiscal da defasagem: \u201cEssa quest\u00e3o afeta diretamente a arrecada\u00e7\u00e3o do estado. Proje\u00e7\u00f5es conservadoras indicam impacto de R$ 10 bilh\u00f5es por ano\u201d, afirmou, ao apontar que a falta de atualiza\u00e7\u00e3o \u201c\u00e9 postergada continuamente\u201d.<\/p>\n\n\n\n<p>Estudo da PUC-RS, citado pelas entidades, estima que a corre\u00e7\u00e3o das faixas pode destravar R$ 77 bilh\u00f5es para os setores produtivos.\u00a0Para o Sincomavi, atualizar o Simples \u00e9 medida essencial para a competitividade, manuten\u00e7\u00e3o de empregos e sustentabilidade dos pequenos neg\u00f3cios do varejo brasileiro.<\/p>\n\n\n\n<p><strong>Servi\u00e7o<\/strong><strong><br><\/strong> <strong>Audi\u00eancia P\u00fablica \u2013 Atualiza\u00e7\u00e3o da tabela do Simples Nacional<\/strong><strong><br><\/strong> Data: 16 de setembro (ter\u00e7a-feira), \u00e0s 16h<br>Local: C\u00e2mara dos Deputados, Anexo II, Plen\u00e1rio 5, Bras\u00edlia (DF)<br>Transmiss\u00e3o: Youtube da C\u00e2mara dos Deputados.<\/p>\n\n\n\n<hr class=\"wp-block-separator has-alpha-channel-opacity is-style-default\"\/>\n","protected":false},"excerpt":{"rendered":"<p>A defasagem dos limites de receita do Simples Nacional, congelados desde 2018, volta \u00e0 pauta no Congresso. Em 16 de setembro, \u00e0s 16h, a Comiss\u00e3o de Ind\u00fastria, Com\u00e9rcio e Servi\u00e7os da C\u00e2mara dos Deputados realiza audi\u00eancia p\u00fablica para discutir a atualiza\u00e7\u00e3o das faixas, com participa\u00e7\u00e3o do Sincomavi, da FecomercioSP e de outras entidades do Movimento [&hellip;]<\/p>\n","protected":false},"author":1,"featured_media":11156,"comment_status":"closed","ping_status":"open","sticky":false,"template":"","format":"standard","meta":{"tdm_status":"","tdm_grid_status":"","footnotes":""},"categories":[153],"tags":[199,115,200],"class_list":["post-14429","post","type-post","status-publish","format-standard","has-post-thumbnail","hentry","category-noticias","tag-comercio","tag-simples-nacional","tag-varejo"],"amp_enabled":true,"_links":{"self":[{"href":"https:\/\/sincomavi.org.br\/index.php?rest_route=\/wp\/v2\/posts\/14429","targetHints":{"allow":["GET"]}}],"collection":[{"href":"https:\/\/sincomavi.org.br\/index.php?rest_route=\/wp\/v2\/posts"}],"about":[{"href":"https:\/\/sincomavi.org.br\/index.php?rest_route=\/wp\/v2\/types\/post"}],"author":[{"embeddable":true,"href":"https:\/\/sincomavi.org.br\/index.php?rest_route=\/wp\/v2\/users\/1"}],"replies":[{"embeddable":true,"href":"https:\/\/sincomavi.org.br\/index.php?rest_route=%2Fwp%2Fv2%2Fcomments&post=14429"}],"version-history":[{"count":2,"href":"https:\/\/sincomavi.org.br\/index.php?rest_route=\/wp\/v2\/posts\/14429\/revisions"}],"predecessor-version":[{"id":14431,"href":"https:\/\/sincomavi.org.br\/index.php?rest_route=\/wp\/v2\/posts\/14429\/revisions\/14431"}],"wp:featuredmedia":[{"embeddable":true,"href":"https:\/\/sincomavi.org.br\/index.php?rest_route=\/wp\/v2\/media\/11156"}],"wp:attachment":[{"href":"https:\/\/sincomavi.org.br\/index.php?rest_route=%2Fwp%2Fv2%2Fmedia&parent=14429"}],"wp:term":[{"taxonomy":"category","embeddable":true,"href":"https:\/\/sincomavi.org.br\/index.php?rest_route=%2Fwp%2Fv2%2Fcategories&post=14429"},{"taxonomy":"post_tag","embeddable":true,"href":"https:\/\/sincomavi.org.br\/index.php?rest_route=%2Fwp%2Fv2%2Ftags&post=14429"}],"curies":[{"name":"wp","href":"https:\/\/api.w.org\/{rel}","templated":true}]}}