{"id":14425,"date":"2025-09-15T11:17:25","date_gmt":"2025-09-15T14:17:25","guid":{"rendered":"https:\/\/sincomavi.org.br\/?p=14425"},"modified":"2025-09-15T11:17:27","modified_gmt":"2025-09-15T14:17:27","slug":"confianca-e-consumo-das-familias-seguem-frageis-em-agosto","status":"publish","type":"post","link":"https:\/\/sincomavi.org.br\/?p=14425","title":{"rendered":"Confian\u00e7a e consumo das fam\u00edlias seguem fr\u00e1geis em agosto"},"content":{"rendered":"\n<hr class=\"wp-block-separator has-alpha-channel-opacity is-style-default\"\/>\n\n\n<div class=\"wp-block-post-date\"><time datetime=\"2025-09-15T11:17:25-03:00\">15 de setembro de 2025<\/time><\/div>\n\n\n<p>O \u00cdndice de Confian\u00e7a do Consumidor (ICC) avan\u00e7ou 2,7% em agosto, alcan\u00e7ando 111,9 pontos, mas acumula queda de 12,1% em rela\u00e7\u00e3o ao mesmo per\u00edodo de 2024, segundo a FecomercioSP. O resultado reflete o d\u00e9cimo terceiro recuo anual consecutivo, refor\u00e7ando o cen\u00e1rio de cautela das fam\u00edlias paulistanas. J\u00e1 a Inten\u00e7\u00e3o de Consumo das Fam\u00edlias (ICF) registrou leve alta, atingindo 106,2 pontos, embora apresente retra\u00e7\u00e3o de 0,4% em doze meses.<\/p>\n\n\n\n<h3 class=\"wp-block-heading has-text-align-center\"><strong>\u00cdndice de Confian\u00e7a do Consumidor (ICC)<br>S\u00e9rie hist\u00f3rica \u2014 13 meses<\/strong><\/h3>\n\n\n<style>.kb-image14425_a83cb9-78 .kb-image-has-overlay:after{opacity:0.3;}<\/style>\n<div class=\"wp-block-kadence-image kb-image14425_a83cb9-78\"><figure class=\"aligncenter size-full\"><img loading=\"lazy\" decoding=\"async\" width=\"745\" height=\"379\" src=\"https:\/\/sincomavi.org.br\/wp-content\/uploads\/2025\/09\/feco.png\" alt=\"\" class=\"kb-img wp-image-14426\" srcset=\"https:\/\/sincomavi.org.br\/wp-content\/uploads\/2025\/09\/feco.png 745w, https:\/\/sincomavi.org.br\/wp-content\/uploads\/2025\/09\/feco-300x153.png 300w, https:\/\/sincomavi.org.br\/wp-content\/uploads\/2025\/09\/feco-640x326.png 640w, https:\/\/sincomavi.org.br\/wp-content\/uploads\/2025\/09\/feco-681x346.png 681w\" sizes=\"auto, (max-width: 745px) 100vw, 745px\" \/><\/figure><\/div>\n\n\n\n<p class=\"has-text-align-right\"><strong>Fonte: FecomercioSP<\/strong><\/p>\n\n\n\n<p>A eleva\u00e7\u00e3o do ICC foi puxada pelo \u00cdndice das Condi\u00e7\u00f5es Econ\u00f4micas Atuais (ICEA), que cresceu 5,2% e chegou a 108,1 pontos, apoiado principalmente na percep\u00e7\u00e3o positiva sobre emprego e juros. No entanto, o \u00cdndice de Expectativas do Consumidor (IEC) mostrou desempenho fraco: mesmo com varia\u00e7\u00e3o de 1,2% em agosto, acumula queda anual de 14,3%, sinalizando pessimismo quanto ao futuro.<\/p>\n\n\n\n<p>No recorte da inten\u00e7\u00e3o de consumo, cinco dos sete componentes do ICF apresentaram crescimento mensal, entre eles N\u00edvel de Consumo Atual (+1,9%) e Perspectiva Profissional (+1,3%). Apesar disso, os indicadores de Renda Atual e Momento para Dur\u00e1veis permanecem em campo negativo, com quedas de 5,2% e 13,8% no comparativo anual, o que revela resist\u00eancia das fam\u00edlias a compras de maior valor.<\/p>\n\n\n\n<p>O comportamento varia entre faixas de renda. Fam\u00edlias que recebem at\u00e9 10 sal\u00e1rios-m\u00ednimos tiveram aumento de 2% no consumo interanual, puxado por maior otimismo no consumo atual e nas perspectivas profissionais. J\u00e1 os lares com rendimentos acima desse patamar recuaram 0,6% no m\u00eas e 6,5% em um ano, mantendo-se na zona de otimismo, mas com tend\u00eancia de retra\u00e7\u00e3o.<\/p>\n\n\n\n<p>De acordo com a FecomercioSP, a recupera\u00e7\u00e3o consistente da confian\u00e7a depender\u00e1 da queda da infla\u00e7\u00e3o, normaliza\u00e7\u00e3o do cr\u00e9dito, avan\u00e7os fiscais e redu\u00e7\u00e3o das incertezas externas. A manuten\u00e7\u00e3o da Selic em 15% e a eleva\u00e7\u00e3o no custo da energia el\u00e9trica, com bandeira vermelha em agosto, seguem como fatores que pressionam o or\u00e7amento e limitam o consumo das fam\u00edlias.<\/p>\n\n\n\n<hr class=\"wp-block-separator has-alpha-channel-opacity is-style-default\"\/>\n","protected":false},"excerpt":{"rendered":"<p>O \u00cdndice de Confian\u00e7a do Consumidor (ICC) avan\u00e7ou 2,7% em agosto, alcan\u00e7ando 111,9 pontos, mas acumula queda de 12,1% em rela\u00e7\u00e3o ao mesmo per\u00edodo de 2024, segundo a FecomercioSP. O resultado reflete o d\u00e9cimo terceiro recuo anual consecutivo, refor\u00e7ando o cen\u00e1rio de cautela das fam\u00edlias paulistanas. J\u00e1 a Inten\u00e7\u00e3o de Consumo das Fam\u00edlias (ICF) registrou [&hellip;]<\/p>\n","protected":false},"author":1,"featured_media":14427,"comment_status":"closed","ping_status":"open","sticky":false,"template":"","format":"standard","meta":{"tdm_status":"","tdm_grid_status":"","footnotes":""},"categories":[153],"tags":[204,205,225,156,620,160],"class_list":["post-14425","post","type-post","status-publish","format-standard","has-post-thumbnail","hentry","category-noticias","tag-confianca","tag-consumidor","tag-consumo","tag-economia","tag-levantamento","tag-pesquisa"],"amp_enabled":true,"_links":{"self":[{"href":"https:\/\/sincomavi.org.br\/index.php?rest_route=\/wp\/v2\/posts\/14425","targetHints":{"allow":["GET"]}}],"collection":[{"href":"https:\/\/sincomavi.org.br\/index.php?rest_route=\/wp\/v2\/posts"}],"about":[{"href":"https:\/\/sincomavi.org.br\/index.php?rest_route=\/wp\/v2\/types\/post"}],"author":[{"embeddable":true,"href":"https:\/\/sincomavi.org.br\/index.php?rest_route=\/wp\/v2\/users\/1"}],"replies":[{"embeddable":true,"href":"https:\/\/sincomavi.org.br\/index.php?rest_route=%2Fwp%2Fv2%2Fcomments&post=14425"}],"version-history":[{"count":1,"href":"https:\/\/sincomavi.org.br\/index.php?rest_route=\/wp\/v2\/posts\/14425\/revisions"}],"predecessor-version":[{"id":14428,"href":"https:\/\/sincomavi.org.br\/index.php?rest_route=\/wp\/v2\/posts\/14425\/revisions\/14428"}],"wp:featuredmedia":[{"embeddable":true,"href":"https:\/\/sincomavi.org.br\/index.php?rest_route=\/wp\/v2\/media\/14427"}],"wp:attachment":[{"href":"https:\/\/sincomavi.org.br\/index.php?rest_route=%2Fwp%2Fv2%2Fmedia&parent=14425"}],"wp:term":[{"taxonomy":"category","embeddable":true,"href":"https:\/\/sincomavi.org.br\/index.php?rest_route=%2Fwp%2Fv2%2Fcategories&post=14425"},{"taxonomy":"post_tag","embeddable":true,"href":"https:\/\/sincomavi.org.br\/index.php?rest_route=%2Fwp%2Fv2%2Ftags&post=14425"}],"curies":[{"name":"wp","href":"https:\/\/api.w.org\/{rel}","templated":true}]}}