{"id":14387,"date":"2025-09-10T11:49:00","date_gmt":"2025-09-10T14:49:00","guid":{"rendered":"https:\/\/sincomavi.org.br\/?p=14387"},"modified":"2025-09-10T09:53:19","modified_gmt":"2025-09-10T12:53:19","slug":"inflacao-ganha-novo-impulso-em-julho-com-pressoes-pontuais","status":"publish","type":"post","link":"https:\/\/sincomavi.org.br\/?p=14387","title":{"rendered":"Infla\u00e7\u00e3o ganha novo impulso em julho com press\u00f5es pontuais"},"content":{"rendered":"\n<hr class=\"wp-block-separator has-alpha-channel-opacity is-style-default\"\/>\n\n\n<div class=\"wp-block-post-date\"><time datetime=\"2025-09-10T11:49:00-03:00\">10 de setembro de 2025<\/time><\/div>\n\n\n<p>O custo de vida na Regi\u00e3o Metropolitana de S\u00e3o Paulo (RMSP) voltou a subir em julho, pressionado principalmente pelo reajuste na conta de energia el\u00e9trica. Estudo realizado pela FecomercioSP, baseado em dados do IBGE, revela que houve uma alta de 0,47% no m\u00eas. Nos sete primeiros meses do ano, a varia\u00e7\u00e3o acumulada chega a 3,27%, enquanto em 12 meses o aumento \u00e9 de 5,79%, com maior impacto sobre as fam\u00edlias de renda mais baixa.<\/p>\n\n\n\n<p>O grupo de habita\u00e7\u00e3o foi o principal respons\u00e1vel pelo resultado, com eleva\u00e7\u00e3o de 2,08%. A energia el\u00e9trica subiu 10,6% em fun\u00e7\u00e3o do reajuste de 14% autorizado pela Aneel para o servi\u00e7o da Enel. O peso foi mais sentido pelas classes D e E, que registraram aumentos de 2,65% e 2,37%, respectivamente.<\/p>\n\n\n\n<p class=\"has-text-align-center\"><strong>Custo de vida na Regi\u00e3o Metropolitana de S\u00e3o Paulo (CVCS)<\/strong><br><em>S\u00e9rie hist\u00f3rica \u2014 julho de 2025<\/em><\/p>\n\n\n<style>.kb-image14387_36eecc-cc .kb-image-has-overlay:after{opacity:0.3;}<\/style>\n<div class=\"wp-block-kadence-image kb-image14387_36eecc-cc\"><figure class=\"aligncenter size-full\"><img loading=\"lazy\" decoding=\"async\" width=\"756\" height=\"327\" src=\"https:\/\/sincomavi.org.br\/wp-content\/uploads\/2025\/09\/feco-en.png\" alt=\"\" class=\"kb-img wp-image-14390\" srcset=\"https:\/\/sincomavi.org.br\/wp-content\/uploads\/2025\/09\/feco-en.png 756w, https:\/\/sincomavi.org.br\/wp-content\/uploads\/2025\/09\/feco-en-300x130.png 300w, https:\/\/sincomavi.org.br\/wp-content\/uploads\/2025\/09\/feco-en-640x277.png 640w, https:\/\/sincomavi.org.br\/wp-content\/uploads\/2025\/09\/feco-en-681x295.png 681w\" sizes=\"auto, (max-width: 756px) 100vw, 756px\" \/><\/figure><\/div>\n\n\n\n<p class=\"has-text-align-right\"><strong>Fonte:\u00a0IBGE\/FecomercioSP<\/strong><\/p>\n\n\n\n<p>No transporte, o custo das passagens a\u00e9reas avan\u00e7ou 13,6%, acompanhadas por altas em \u00f4nibus interestaduais (5,1%) e ped\u00e1gios (2,9%). Em contrapartida, combust\u00edveis como gasolina, diesel e etanol apresentaram quedas, amenizando a press\u00e3o sobre o or\u00e7amento. J\u00e1 alimentos e bebidas tiveram varia\u00e7\u00e3o moderada de 0,10% em julho, embora acumulem alta de 9% em 12 meses, especialmente pela alimenta\u00e7\u00e3o fora do domic\u00edlio.<\/p>\n\n\n\n<p>Apesar da eleva\u00e7\u00e3o em alguns grupos, a FecomercioSP avalia que as press\u00f5es inflacion\u00e1rias foram pontuais e n\u00e3o indicam tend\u00eancia de alta no curto prazo. Caso o impacto da energia el\u00e9trica fosse desconsiderado, a varia\u00e7\u00e3o geral teria ficado pr\u00f3xima de 0,10%, cen\u00e1rio que favorece o consumo b\u00e1sico das fam\u00edlias e a reorganiza\u00e7\u00e3o de despesas.<\/p>\n\n\n\n<hr class=\"wp-block-separator has-alpha-channel-opacity is-style-default\"\/>\n","protected":false},"excerpt":{"rendered":"<p>O custo de vida na Regi\u00e3o Metropolitana de S\u00e3o Paulo (RMSP) voltou a subir em julho, pressionado principalmente pelo reajuste na conta de energia el\u00e9trica. Estudo realizado pela FecomercioSP, baseado em dados do IBGE, revela que houve uma alta de 0,47% no m\u00eas. Nos sete primeiros meses do ano, a varia\u00e7\u00e3o acumulada chega a 3,27%, [&hellip;]<\/p>\n","protected":false},"author":1,"featured_media":14388,"comment_status":"closed","ping_status":"open","sticky":false,"template":"","format":"standard","meta":{"tdm_status":"","tdm_grid_status":"","footnotes":""},"categories":[153],"tags":[199,156,580,1570,620,160,200],"class_list":["post-14387","post","type-post","status-publish","format-standard","has-post-thumbnail","hentry","category-noticias","tag-comercio","tag-economia","tag-fecomerciosp","tag-inflacao-2","tag-levantamento","tag-pesquisa","tag-varejo"],"amp_enabled":true,"_links":{"self":[{"href":"https:\/\/sincomavi.org.br\/index.php?rest_route=\/wp\/v2\/posts\/14387","targetHints":{"allow":["GET"]}}],"collection":[{"href":"https:\/\/sincomavi.org.br\/index.php?rest_route=\/wp\/v2\/posts"}],"about":[{"href":"https:\/\/sincomavi.org.br\/index.php?rest_route=\/wp\/v2\/types\/post"}],"author":[{"embeddable":true,"href":"https:\/\/sincomavi.org.br\/index.php?rest_route=\/wp\/v2\/users\/1"}],"replies":[{"embeddable":true,"href":"https:\/\/sincomavi.org.br\/index.php?rest_route=%2Fwp%2Fv2%2Fcomments&post=14387"}],"version-history":[{"count":2,"href":"https:\/\/sincomavi.org.br\/index.php?rest_route=\/wp\/v2\/posts\/14387\/revisions"}],"predecessor-version":[{"id":14392,"href":"https:\/\/sincomavi.org.br\/index.php?rest_route=\/wp\/v2\/posts\/14387\/revisions\/14392"}],"wp:featuredmedia":[{"embeddable":true,"href":"https:\/\/sincomavi.org.br\/index.php?rest_route=\/wp\/v2\/media\/14388"}],"wp:attachment":[{"href":"https:\/\/sincomavi.org.br\/index.php?rest_route=%2Fwp%2Fv2%2Fmedia&parent=14387"}],"wp:term":[{"taxonomy":"category","embeddable":true,"href":"https:\/\/sincomavi.org.br\/index.php?rest_route=%2Fwp%2Fv2%2Fcategories&post=14387"},{"taxonomy":"post_tag","embeddable":true,"href":"https:\/\/sincomavi.org.br\/index.php?rest_route=%2Fwp%2Fv2%2Ftags&post=14387"}],"curies":[{"name":"wp","href":"https:\/\/api.w.org\/{rel}","templated":true}]}}