{"id":14382,"date":"2025-09-10T09:33:40","date_gmt":"2025-09-10T12:33:40","guid":{"rendered":"https:\/\/sincomavi.org.br\/?p=14382"},"modified":"2025-09-10T09:34:00","modified_gmt":"2025-09-10T12:34:00","slug":"varejo-matcons-tem-queda-de-43-em-agosto-aponta-indice-do-varejo-stone","status":"publish","type":"post","link":"https:\/\/sincomavi.org.br\/?p=14382","title":{"rendered":"Varejo Matcons tem queda de 4,3% em agosto, aponta Stone"},"content":{"rendered":"\n<hr class=\"wp-block-separator has-alpha-channel-opacity is-style-default\"\/>\n\n\n<div class=\"wp-block-post-date\"><time datetime=\"2025-09-10T09:33:40-03:00\">10 de setembro de 2025<\/time><\/div>\n\n\n<p>O com\u00e9rcio varejista brasileiro registrou retra\u00e7\u00e3o em agosto, com impacto relevante no segmento de material de constru\u00e7\u00e3o. De acordo com o \u00cdndice do Varejo Stone (IVS), as vendas gerais ca\u00edram 1,5% no m\u00eas, resultado que reflete um cen\u00e1rio de desacelera\u00e7\u00e3o econ\u00f4mica e perda de dinamismo no consumo. No detalhamento por setores, sete dos oito grupos analisados tiveram queda. O recuo mais expressivo foi observado justamente no segmento de Material de Constru\u00e7\u00e3o, com retra\u00e7\u00e3o de 4,3% em rela\u00e7\u00e3o a julho. <\/p>\n\n\n\n<p>Na compara\u00e7\u00e3o com agosto do ano passado, o resultado tamb\u00e9m foi desfavor\u00e1vel. O setor de Material de Constru\u00e7\u00e3o acumulou queda de 5% no per\u00edodo de 12 meses, acompanhando a tend\u00eancia de retra\u00e7\u00e3o observada em todos os segmentos pesquisados.<\/p>\n\n\n\n<p>Segundo Guilherme Freitas, economista e cientista de dados da Stone, \u201ca queda nas vendas de agosto evidencia o enfraquecimento do com\u00e9rcio varejista, em linha com sinais mais claros de desacelera\u00e7\u00e3o da economia. O mercado de trabalho vem perdendo dinamismo, com admiss\u00f5es crescendo em ritmo menor do que o de desligamentos, ao mesmo tempo em que o elevado comprometimento da renda das fam\u00edlias com d\u00edvidas continua restringindo o consumo\u201d.<\/p>\n\n\n\n<p>O resultado refor\u00e7a a necessidade de aten\u00e7\u00e3o dos comerciantes do setor de material de constru\u00e7\u00e3o, que enfrentam queda de demanda em um ambiente de juros elevados e cr\u00e9dito restrito. O desempenho futuro depender\u00e1 da evolu\u00e7\u00e3o do mercado de trabalho e da maior disponibilidade de cr\u00e9dito ao consumidor.<\/p>\n\n\n\n<hr class=\"wp-block-separator has-alpha-channel-opacity is-style-default\"\/>\n","protected":false},"excerpt":{"rendered":"<p>O com\u00e9rcio varejista brasileiro registrou retra\u00e7\u00e3o em agosto, com impacto relevante no segmento de material de constru\u00e7\u00e3o. De acordo com o \u00cdndice do Varejo Stone (IVS), as vendas gerais ca\u00edram 1,5% no m\u00eas, resultado que reflete um cen\u00e1rio de desacelera\u00e7\u00e3o econ\u00f4mica e perda de dinamismo no consumo. No detalhamento por setores, sete dos oito grupos [&hellip;]<\/p>\n","protected":false},"author":1,"featured_media":14383,"comment_status":"closed","ping_status":"open","sticky":false,"template":"","format":"standard","meta":{"tdm_status":"","tdm_grid_status":"","footnotes":""},"categories":[153],"tags":[199,156,620,158,160,200,75],"class_list":["post-14382","post","type-post","status-publish","format-standard","has-post-thumbnail","hentry","category-noticias","tag-comercio","tag-economia","tag-levantamento","tag-material-de-construcao","tag-pesquisa","tag-varejo","tag-vendas"],"amp_enabled":true,"_links":{"self":[{"href":"https:\/\/sincomavi.org.br\/index.php?rest_route=\/wp\/v2\/posts\/14382","targetHints":{"allow":["GET"]}}],"collection":[{"href":"https:\/\/sincomavi.org.br\/index.php?rest_route=\/wp\/v2\/posts"}],"about":[{"href":"https:\/\/sincomavi.org.br\/index.php?rest_route=\/wp\/v2\/types\/post"}],"author":[{"embeddable":true,"href":"https:\/\/sincomavi.org.br\/index.php?rest_route=\/wp\/v2\/users\/1"}],"replies":[{"embeddable":true,"href":"https:\/\/sincomavi.org.br\/index.php?rest_route=%2Fwp%2Fv2%2Fcomments&post=14382"}],"version-history":[{"count":2,"href":"https:\/\/sincomavi.org.br\/index.php?rest_route=\/wp\/v2\/posts\/14382\/revisions"}],"predecessor-version":[{"id":14385,"href":"https:\/\/sincomavi.org.br\/index.php?rest_route=\/wp\/v2\/posts\/14382\/revisions\/14385"}],"wp:featuredmedia":[{"embeddable":true,"href":"https:\/\/sincomavi.org.br\/index.php?rest_route=\/wp\/v2\/media\/14383"}],"wp:attachment":[{"href":"https:\/\/sincomavi.org.br\/index.php?rest_route=%2Fwp%2Fv2%2Fmedia&parent=14382"}],"wp:term":[{"taxonomy":"category","embeddable":true,"href":"https:\/\/sincomavi.org.br\/index.php?rest_route=%2Fwp%2Fv2%2Fcategories&post=14382"},{"taxonomy":"post_tag","embeddable":true,"href":"https:\/\/sincomavi.org.br\/index.php?rest_route=%2Fwp%2Fv2%2Ftags&post=14382"}],"curies":[{"name":"wp","href":"https:\/\/api.w.org\/{rel}","templated":true}]}}